{"id":19881,"date":"2021-10-31T16:59:12","date_gmt":"2021-10-31T22:59:12","guid":{"rendered":"https:\/\/encuentroinformativo.com.mx\/?p=19881"},"modified":"2021-10-31T16:59:15","modified_gmt":"2021-10-31T22:59:15","slug":"como-parte-de-recuperacion-de-la-memoria-exponen-colectivos-documentales","status":"publish","type":"post","link":"https:\/\/encuentroinformativo.com.mx\/?p=19881","title":{"rendered":"Como parte de \u201cRecuperaci\u00f3n de la Memoria\u201d exponen colectivos documentales"},"content":{"rendered":"\n<p><strong>Juan Arcos<\/strong><\/p>\n\n\n\n<p>Xalapa, Ver.- \u201cNecesitamos decir que ellos tienen que estar presentes siempre, si estamos en este camino es por ellos\u201d, expresaron familiares de desaparecidos al inaugurar una exposici\u00f3n fotogr\u00e1fica, ilustrativa y de cine documental, en la ciudad de Xalapa.<\/p>\n\n\n\n<p>Como parte del proyecto \u201cRecuperaci\u00f3n de la memoria de personas desaparecidas en el estado de Veracruz\u201d fueron presentados pinturas de artistas donde aparecen las familias con sus seres queridos extraviados.<\/p>\n\n\n\n<p>Tambi\u00e9n se proyectaron tres documentales cortos, de diez minutos cada uno, con 16 testimonios de madres y padres, de distintos municipios del estado, recordando a sus hijas e hijos.<\/p>\n\n\n\n<p>Durante este fin de semana, integrantes de diversos colectivos se concentraron en una cafeter\u00eda de la capital de Veracruz, donde mencionaron que contin\u00faan la b\u00fasqueda de sus familiares hasta en las fosas clandestinas que han sido localizadas en la entidad.<\/p>\n\n\n\n<p>Fabiola Pensado Barrera, quien busca a su hijo Argenis Yoshimar Pensado Barrera desde el 16 de marzo de 2014, se\u00f1al\u00f3 que desde distintos \u00e1mbitos se ha pretendido \u201cborrar\u201d a las personas desaparecidas, muchas de ellas v\u00edctimas de desaparici\u00f3n forzada.<\/p>\n\n\n\n<p>\u201cEn los registros, por ejemplo, se quiere borrar a nuestros familiares desaparecidos. No hay un registro donde est\u00e9n todos los desparecidos, los est\u00e1n borrando, las fiscal\u00edas o los Semefos donde vuelven a desaparecer los registros, es una doble desaparici\u00f3n y nos toca a nosotros, a las familias, esta parte de la memoria\u201d, expres\u00f3.<\/p>\n\n\n\n<p>La mujer mencion\u00f3 que no hay avances en las investigaciones por parte de la Fiscal\u00eda General del Estado (FGE) para dar con el paradero de su hijo.<\/p>\n\n\n\n<p>La integrante de los colectivos Familiares en B\u00fasqueda Mar\u00eda Herrera Xalapa y Familiares Enlaces Xalapa record\u00f3 que Argenis sali\u00f3 de su domicilio un domingo por la ma\u00f1ana, hace siete a\u00f1os, y a\u00fan no hay indicios sobre lo que pudo haberle ocurrido.<\/p>\n\n\n\n<p>\u201cIba a la zona de Pomona y ese d\u00eda hubo balaceras en la ciudad de Xalapa y ya no lleg\u00f3 a casa. A siete a\u00f1os las posibilidades se van haciendo m\u00e1s cortas (para encontrarlo) porque ya pasaron muchos a\u00f1os y muchas cosas que se pudieron hacer en su tiempo ya se perdieron\u201d, coment\u00f3 Fabiola Barrera.<\/p>\n\n\n\n<p>Los documentales fueron proyectados tambi\u00e9n durante la tarde noche del s\u00e1bado 30 de octubre en la Plazuela de Manuel Maples Arce, sobre la calle Jes\u00fas Garc\u00eda, en la zona centro de Xalapa.<\/p>\n\n\n\n<p>La producci\u00f3n de las piezas cinematogr\u00e1ficas estuvo a cargo de la organizaci\u00f3n Toaltepeyolo, gracias al apoyo de Estados Unido, a trav\u00e9s de la Agencia de los Estados Unidos para el Desarrollo Internacional.<\/p>\n","protected":false},"excerpt":{"rendered":"<p>Juan Arcos Xalapa, Ver.- \u201cNecesitamos decir que ellos tienen que estar presentes siempre, si estamos en este camino es por ellos\u201d, expresaron familiares de desaparecidos al inaugurar una exposici\u00f3n fotogr\u00e1fica, ilustrativa y de cine documental, en la ciudad de Xalapa. Como parte del proyecto \u201cRecuperaci\u00f3n de la memoria de personas desaparecidas en el estado de [&hellip;]<\/p>\n","protected":false},"author":1,"featured_media":19882,"comment_status":"open","ping_status":"open","sticky":false,"template":"","format":"standard","meta":{"_jetpack_memberships_contains_paid_content":false,"footnotes":""},"categories":[3],"tags":[],"class_list":["post-19881","post","type-post","status-publish","format-standard","has-post-thumbnail","hentry","category-xalapa"],"jetpack_featured_media_url":"https:\/\/encuentroinformativo.com.mx\/wp-content\/uploads\/2021\/10\/61E13B98-B7C2-4B9C-A6F9-3AB2F513B9CA.jpeg","jetpack_sharing_enabled":true,"jetpack_likes_enabled":true,"amp_enabled":true,"_links":{"self":[{"href":"https:\/\/encuentroinformativo.com.mx\/index.php?rest_route=\/wp\/v2\/posts\/19881","targetHints":{"allow":["GET"]}}],"collection":[{"href":"https:\/\/encuentroinformativo.com.mx\/index.php?rest_route=\/wp\/v2\/posts"}],"about":[{"href":"https:\/\/encuentroinformativo.com.mx\/index.php?rest_route=\/wp\/v2\/types\/post"}],"author":[{"embeddable":true,"href":"https:\/\/encuentroinformativo.com.mx\/index.php?rest_route=\/wp\/v2\/users\/1"}],"replies":[{"embeddable":true,"href":"https:\/\/encuentroinformativo.com.mx\/index.php?rest_route=%2Fwp%2Fv2%2Fcomments&post=19881"}],"version-history":[{"count":1,"href":"https:\/\/encuentroinformativo.com.mx\/index.php?rest_route=\/wp\/v2\/posts\/19881\/revisions"}],"predecessor-version":[{"id":19883,"href":"https:\/\/encuentroinformativo.com.mx\/index.php?rest_route=\/wp\/v2\/posts\/19881\/revisions\/19883"}],"wp:featuredmedia":[{"embeddable":true,"href":"https:\/\/encuentroinformativo.com.mx\/index.php?rest_route=\/wp\/v2\/media\/19882"}],"wp:attachment":[{"href":"https:\/\/encuentroinformativo.com.mx\/index.php?rest_route=%2Fwp%2Fv2%2Fmedia&parent=19881"}],"wp:term":[{"taxonomy":"category","embeddable":true,"href":"https:\/\/encuentroinformativo.com.mx\/index.php?rest_route=%2Fwp%2Fv2%2Fcategories&post=19881"},{"taxonomy":"post_tag","embeddable":true,"href":"https:\/\/encuentroinformativo.com.mx\/index.php?rest_route=%2Fwp%2Fv2%2Ftags&post=19881"}],"curies":[{"name":"wp","href":"https:\/\/api.w.org\/{rel}","templated":true}]}}