{"id":19887,"date":"2021-11-01T09:22:11","date_gmt":"2021-11-01T15:22:11","guid":{"rendered":"https:\/\/encuentroinformativo.com.mx\/?p=19887"},"modified":"2021-11-01T09:22:14","modified_gmt":"2021-11-01T15:22:14","slug":"menstruar-sin-iva","status":"publish","type":"post","link":"https:\/\/encuentroinformativo.com.mx\/?p=19887","title":{"rendered":"Menstruar sin IVA"},"content":{"rendered":"\n<p><strong>N\u00fameros Rojos<\/strong><br><br><strong>Brenda Caballero<\/strong><\/p>\n\n\n\n<p>Si de por s\u00ed menstruar no es para nada agradable para muchas mujeres, ahora imagine un dolor doble cada 28 d\u00edas, los c\u00f3licos menstruales y pagar el 16 por ciento de Impuesto al Valor Agregado (IVA).<\/p>\n\n\n\n<p>S\u00ed, as\u00ed como lo lee, podemos decir que las mujeres pagamos impuestos por un factor biol\u00f3gico que no depende de nosotras: la menstruaci\u00f3n o la llamada \u201cregla\u201d, ya que a las toallas femeninas y tampones al venderlos, les agregan el 16 por ciento adicional de su costo.<\/p>\n\n\n\n<p>Si usted es de las que revisan cuidadosamente sus tickets de compra, notar\u00e1 que si fue al supermercado o farmacia y compr\u00f3 toallas sanitarias o tampones, los subtotales de los productos menstruales est\u00e1n marcados a un costado como productos que gravan IVA.<\/p>\n\n\n\n<p>Luego entonces, se podr\u00eda decir que estamos en una desigualdad de g\u00e9nero entre hombres y mujeres en materia fiscal, pues eso no les pasa a los hombres, \u00fanicamente a las mujeres.<\/p>\n\n\n\n<p>Veamos los n\u00fameros: Una mujer que empieza a menstruar a los 13 a\u00f1os y tiene su menopausia a los 50 a\u00f1os, utilizar\u00e1 un aproximado de 13 mil 320 toallas femeninas o tampones durante su vida f\u00e9rtil, de acuerdo a datos de la Unicef; lo que representar\u00eda un gasto aproximado de 26 mil 400 pesos, si en promedio cada unidad tuviera un precio de 2 pesos, sin embargo de antemano sabemos que los precios de estos art\u00edculos suben constantemente, no permanecen est\u00e1ticos durante el tiempo, pues mucho tiene que ver la inflaci\u00f3n y los precios en el mercado.<\/p>\n\n\n\n<p>Tambi\u00e9n la \u00a0misma Unicef ha detectado que el 43 por ciento de mujeres que est\u00e1n menstruando no acude a clases. \u00bfPor qu\u00e9 sucede esto? Porque en algunas escuelas no hay agua en los sanitarios o simplemente las mujeres no cuentan con dinero para poder adquirir productos de higiene menstrual, raz\u00f3n por la que prefieren quedarse en casa.<\/p>\n\n\n\n<p>Adem\u00e1s de que existe evidencia de que la primera menstruaci\u00f3n generalmente ocurre en la escuela.<\/p>\n\n\n\n<p>Este tema de equidad de g\u00e9nero en la poblaci\u00f3n ha generado que el Gobierno Federal propusiera la iniciativa en el Paquete Econ\u00f3mico 2022 de que los productos de higiene menstrual est\u00e9n gravados a tasa cero.<\/p>\n\n\n\n<p>Es decir, las mujeres ya no pagaremos el 16 por ciento adicional cada mes por estar en \u201cnuestros d\u00edas\u201d, iniciativa que ya aprobaron los nuevos legisladores, pero que tiene un origen de lucha feminista sin duda alguna, pues recordemos que en el 2020, la C\u00e1mara de Diputados anterior rechaz\u00f3 con 218 votos en contra y 185 votos a favor, la iniciativa del colectivo feminista #Menstruaci\u00f3nDignaM\u00e9xico pues la Secretar\u00eda de Hacienda dejar\u00eda de recaudar 3 mil 400 millones de pesos anuales.\u00a0<\/p>\n\n\n\n<p><strong>\u00bfUna mujer para la Jucopo en Veracruz?<\/strong><br>Y hablando de la lucha feminista, este 5 de noviembre en Veracruz estrenaremos diputados y diputadas locales. Mucho se habla ya y hasta se disputan entre columnas la llamada Junta de Coordinaci\u00f3n Pol\u00edtica (Jucopo) pues implica el control del Congreso.\u00a0<br>Los nombres de varones por supuesto encabezan las apuestas, pero \u00bfy si fuera una mujer?<\/p>\n\n\n\n<p>Recordemos que a nivel federal con los diputados federales entrantes, hubo una gran controversia porque la Jucopo y la designaci\u00f3n de las Comisiones principales fueron integradas en su mayor\u00eda por varones \u00bfY las Mujeres? \u00bfY la dichosa paridad? \u00bfSuceder\u00e1 lo mismo en Veracruz?<\/p>\n\n\n\n<p>Morena tiene entre sus filas a varias mujeres, entre ellas algunas con experiencia para lograrlo. Ya suenan los nombres de Jessica Ram\u00edrez Cisneros, de Minatitl\u00e1n; y Margarita Corro Mendoza, de Cosamaloapan; ya sea para la Jucopo o para la Presidencia de la Mesa Directiva.<\/p>\n\n\n\n<p>S\u00f3lo esperemos que esta paridad a ejercer no sea simulada y ellas no respondan a intereses de varones pues de simulaci\u00f3n ya hemos tenido demasiado.<\/p>\n\n\n\n<p>@NumerosRojos_BC<br><a href=\"mailto:caballero_brenda@hotmail.com\" target=\"_blank\" rel=\"noreferrer noopener\">caballero_brenda@hotmail.com<\/a><\/p>\n","protected":false},"excerpt":{"rendered":"<p>N\u00fameros Rojos Brenda Caballero Si de por s\u00ed menstruar no es para nada agradable para muchas mujeres, ahora imagine un dolor doble cada 28 d\u00edas, los c\u00f3licos menstruales y pagar el 16 por ciento de Impuesto al Valor Agregado (IVA). S\u00ed, as\u00ed como lo lee, podemos decir que las mujeres pagamos impuestos por un factor [&hellip;]<\/p>\n","protected":false},"author":1,"featured_media":387,"comment_status":"open","ping_status":"open","sticky":false,"template":"","format":"standard","meta":{"_jetpack_memberships_contains_paid_content":false,"footnotes":""},"categories":[11],"tags":[],"class_list":["post-19887","post","type-post","status-publish","format-standard","has-post-thumbnail","hentry","category-opinion"],"jetpack_featured_media_url":"https:\/\/encuentroinformativo.com.mx\/wp-content\/uploads\/2020\/03\/7CF8A22B-2764-47BE-8F7F-38FE9E5D6A2F.jpeg","jetpack_sharing_enabled":true,"jetpack_likes_enabled":true,"amp_enabled":true,"_links":{"self":[{"href":"https:\/\/encuentroinformativo.com.mx\/index.php?rest_route=\/wp\/v2\/posts\/19887","targetHints":{"allow":["GET"]}}],"collection":[{"href":"https:\/\/encuentroinformativo.com.mx\/index.php?rest_route=\/wp\/v2\/posts"}],"about":[{"href":"https:\/\/encuentroinformativo.com.mx\/index.php?rest_route=\/wp\/v2\/types\/post"}],"author":[{"embeddable":true,"href":"https:\/\/encuentroinformativo.com.mx\/index.php?rest_route=\/wp\/v2\/users\/1"}],"replies":[{"embeddable":true,"href":"https:\/\/encuentroinformativo.com.mx\/index.php?rest_route=%2Fwp%2Fv2%2Fcomments&post=19887"}],"version-history":[{"count":1,"href":"https:\/\/encuentroinformativo.com.mx\/index.php?rest_route=\/wp\/v2\/posts\/19887\/revisions"}],"predecessor-version":[{"id":19888,"href":"https:\/\/encuentroinformativo.com.mx\/index.php?rest_route=\/wp\/v2\/posts\/19887\/revisions\/19888"}],"wp:featuredmedia":[{"embeddable":true,"href":"https:\/\/encuentroinformativo.com.mx\/index.php?rest_route=\/wp\/v2\/media\/387"}],"wp:attachment":[{"href":"https:\/\/encuentroinformativo.com.mx\/index.php?rest_route=%2Fwp%2Fv2%2Fmedia&parent=19887"}],"wp:term":[{"taxonomy":"category","embeddable":true,"href":"https:\/\/encuentroinformativo.com.mx\/index.php?rest_route=%2Fwp%2Fv2%2Fcategories&post=19887"},{"taxonomy":"post_tag","embeddable":true,"href":"https:\/\/encuentroinformativo.com.mx\/index.php?rest_route=%2Fwp%2Fv2%2Ftags&post=19887"}],"curies":[{"name":"wp","href":"https:\/\/api.w.org\/{rel}","templated":true}]}}