{"id":19889,"date":"2021-11-01T09:28:56","date_gmt":"2021-11-01T15:28:56","guid":{"rendered":"https:\/\/encuentroinformativo.com.mx\/?p=19889"},"modified":"2021-11-01T09:28:59","modified_gmt":"2021-11-01T15:28:59","slug":"no-me-interesan-los-chismes","status":"publish","type":"post","link":"https:\/\/encuentroinformativo.com.mx\/?p=19889","title":{"rendered":"\u201cNo me interesan los chismes\u201d"},"content":{"rendered":"\n<p><strong>Los Pol\u00edticos<\/strong><\/p>\n\n\n\n<p><strong>Salvador Mu\u00f1oz<\/strong><\/p>\n\n\n\n<p>Hace casi ya un a\u00f1o le pregunt\u00e9: \u00bfVas a competir por una curul? y me respondi\u00f3 que \u00e9sa era su primera intenci\u00f3n, pero en una de \u00e9sas, le daban la Pluri. Entend\u00ed la raz\u00f3n y la platicamos: tendr\u00eda margen de hacer lo que ven\u00eda haciendo con sus diputados y ahora con sus candidatos: recorrer los distritos empujando varios proyectos a la vez: el de la 4T, el del partido Morena, y para rematar, asegurar al Gobernador que con una Mayor\u00eda, ejercer una pinza con sendas puntas: por un lado el Poder Legislativo; por el otro, el Ejecutivo. Los resultados saltan a la vista.<\/p>\n\n\n\n<p>Si hablamos de resultados, ser\u00eda uno de los factores que m\u00e1s le ha dado al Gobierno de Cuic, los suficientes para generarle m\u00e1s antipat\u00edas y enemigos a Juan Javier G\u00f3mez Cazar\u00edn, que las que tiene el Am\u00e9rica.<\/p>\n\n\n\n<p><strong>II<\/strong><\/p>\n\n\n\n<p>\u201cNeta, no me interesan los chismes\u201d, me responde. Fue por una versi\u00f3n que anduvo circulando en las redes, donde seg\u00fan una diputada que va de salida, aprovech\u00f3 la presencia del Gobernador en una reuni\u00f3n con legisladores que se van y que entran, para echar de su ronco pecho, pestes contra El Car\u00f3n.<\/p>\n\n\n\n<p>\u201cLos que no saben vivir la vida piensan que todo es pol\u00edtica; yo soy feliz viviendo mi vida amigo\u201d. Y as\u00ed, como para confirmar su dicho, me manda su imagen donde el sincretismo es fabuloso: la cara de Juan Javier G\u00f3mez Cazar\u00edn est\u00e1 pintada con la cl\u00e1sica calavera de estos D\u00edas de Muertos pero en la frente, una C y una A en amarillo (Club Am\u00e9rica) completan el cuadro\u2026 va al partido del Am\u00e9rica contra el Cruz Azul.<\/p>\n\n\n\n<p><strong>III<\/strong><\/p>\n\n\n\n<p>La forma de hacer pol\u00edtica o no-pol\u00edtica de G\u00f3mez Cazar\u00edn molesta tanto a los de afuera como a los de adentro. Es evidente que resulta inc\u00f3modo y m\u00e1s cuando por m\u00e1s obst\u00e1culos medi\u00e1ticos que le han puesto, los sigue saltando. Lo que no te mata te hace m\u00e1s fuerte, reza el dicho. \u201cVoy a seguir haciendo lo que me gusta\u2026\u201d, advierte aunque a la vez es ambiguo: le gusta el Am\u00e9rica y los partidos; le gusta cantar; le gusta el futbolito (tenemos pactadas unas retas); le gusta ayudar a la gente y si es necesario se fleta a la chamba y no, no lo hace s\u00f3lo en temporada electoral\u2026 es claro que no necesita que haya campa\u00f1a para hacerlo y si no, hay que voltear a ver a los candidatos que perdieron qu\u00e9 est\u00e1n haciendo ahora\u2026 son contados y a la mente s\u00f3lo aparece Giovanni Arcos\u2026 los dem\u00e1s, en la grilla o perdidos.<\/p>\n\n\n\n<p><strong>IV<\/strong><\/p>\n\n\n\n<p>El pr\u00f3ximo viernes, rendir\u00e1n protesta los diputados de la LXVI Legislatura del Congreso local de Veracruz. De este lunes hasta esa fecha, hay tiempo para que el Tucoca (Todos Unidos Contra Cazar\u00edn o Contra el Caron) arrecie sus comentarios y ataques. Juan Javier sabe cu\u00e1l es la intenci\u00f3n, tanto al inicio de esta bulla generada con su Pluri, como hasta despu\u00e9s que rinda protesta como Diputado: empa\u00f1ar pol\u00edticamente su imagen.<\/p>\n\n\n\n<p>\u00bfLa Jucopo? \u00a1Primero lo primero! Y no, no es si impugnan su diputaci\u00f3n, si rinde protesta como diputado\u2026 Es domingo, y toda su energ\u00eda al menos por este d\u00eda, es para apoyar a sus \u00e1guilas del Am\u00e9rica (minuto 20, primer tiempo, cuando se manda esta columna para su publicaci\u00f3n y cae un gol del Cruz Azul\u2026 puf! Gol Anulado).<\/p>\n\n\n\n<p><a href=\"mailto:smcainito@gmail.com\" target=\"_blank\" rel=\"noreferrer noopener\">smcainito@gmail.com<\/a><\/p>\n","protected":false},"excerpt":{"rendered":"<p>Los Pol\u00edticos Salvador Mu\u00f1oz Hace casi ya un a\u00f1o le pregunt\u00e9: \u00bfVas a competir por una curul? y me respondi\u00f3 que \u00e9sa era su primera intenci\u00f3n, pero en una de \u00e9sas, le daban la Pluri. Entend\u00ed la raz\u00f3n y la platicamos: tendr\u00eda margen de hacer lo que ven\u00eda haciendo con sus diputados y ahora con [&hellip;]<\/p>\n","protected":false},"author":1,"featured_media":387,"comment_status":"open","ping_status":"open","sticky":false,"template":"","format":"standard","meta":{"_jetpack_memberships_contains_paid_content":false,"footnotes":""},"categories":[11],"tags":[],"class_list":["post-19889","post","type-post","status-publish","format-standard","has-post-thumbnail","hentry","category-opinion"],"jetpack_featured_media_url":"https:\/\/encuentroinformativo.com.mx\/wp-content\/uploads\/2020\/03\/7CF8A22B-2764-47BE-8F7F-38FE9E5D6A2F.jpeg","jetpack_sharing_enabled":true,"jetpack_likes_enabled":true,"amp_enabled":true,"_links":{"self":[{"href":"https:\/\/encuentroinformativo.com.mx\/index.php?rest_route=\/wp\/v2\/posts\/19889","targetHints":{"allow":["GET"]}}],"collection":[{"href":"https:\/\/encuentroinformativo.com.mx\/index.php?rest_route=\/wp\/v2\/posts"}],"about":[{"href":"https:\/\/encuentroinformativo.com.mx\/index.php?rest_route=\/wp\/v2\/types\/post"}],"author":[{"embeddable":true,"href":"https:\/\/encuentroinformativo.com.mx\/index.php?rest_route=\/wp\/v2\/users\/1"}],"replies":[{"embeddable":true,"href":"https:\/\/encuentroinformativo.com.mx\/index.php?rest_route=%2Fwp%2Fv2%2Fcomments&post=19889"}],"version-history":[{"count":1,"href":"https:\/\/encuentroinformativo.com.mx\/index.php?rest_route=\/wp\/v2\/posts\/19889\/revisions"}],"predecessor-version":[{"id":19890,"href":"https:\/\/encuentroinformativo.com.mx\/index.php?rest_route=\/wp\/v2\/posts\/19889\/revisions\/19890"}],"wp:featuredmedia":[{"embeddable":true,"href":"https:\/\/encuentroinformativo.com.mx\/index.php?rest_route=\/wp\/v2\/media\/387"}],"wp:attachment":[{"href":"https:\/\/encuentroinformativo.com.mx\/index.php?rest_route=%2Fwp%2Fv2%2Fmedia&parent=19889"}],"wp:term":[{"taxonomy":"category","embeddable":true,"href":"https:\/\/encuentroinformativo.com.mx\/index.php?rest_route=%2Fwp%2Fv2%2Fcategories&post=19889"},{"taxonomy":"post_tag","embeddable":true,"href":"https:\/\/encuentroinformativo.com.mx\/index.php?rest_route=%2Fwp%2Fv2%2Ftags&post=19889"}],"curies":[{"name":"wp","href":"https:\/\/api.w.org\/{rel}","templated":true}]}}