{"id":19891,"date":"2021-11-01T12:51:25","date_gmt":"2021-11-01T18:51:25","guid":{"rendered":"https:\/\/encuentroinformativo.com.mx\/?p=19891"},"modified":"2021-11-01T12:51:28","modified_gmt":"2021-11-01T18:51:28","slug":"inicia-consulta-infantil-y-juvenil-2021","status":"publish","type":"post","link":"https:\/\/encuentroinformativo.com.mx\/?p=19891","title":{"rendered":"Inicia Consulta Infantil y Juvenil 2021"},"content":{"rendered":"\n<p><strong>Dar\u00edo Pale<\/strong><\/p>\n\n\n\n<p>Xalapa, Ver.- El vocal ejecutivo de la 10 Junta Distrital Ejecutiva, Eduardo Gerardo Romay Olmos, dio a conocer que este 1 y hasta el 30 de noviembre se realizar\u00e1 la Consulta Infantil y Juvenil 2021 del Instituto Nacional Electoral (INE).<\/p>\n\n\n\n<p>En entrevista dio a conocer que, a partir de este 1 de noviembre y hasta el \u00faltimo d\u00eda del mes, el Instituto Nacional Electoral (INE), llevar\u00e1 a cabo la Consulta Infantil y Juvenil 2021, explic\u00f3 que debido a la pandemia, en esta ocasi\u00f3n la Consulta se organizar\u00e1 de forma tal que la mayor parte de la participaci\u00f3n se realice en modalidad virtual.<\/p>\n\n\n\n<p>Asimismo, de manera presencial los d\u00edas 16, 17, 18, 19 y 22 de noviembre, cuando se pondr\u00e1n en operaci\u00f3n 60 casillas operadas cada una de ellas por dos personas voluntarias, record\u00f3 que el primer ejercicio de participaci\u00f3n de ni\u00f1as, ni\u00f1os y adolescentes se celebr\u00f3 en 1997, organizado por el entonces IFE.<\/p>\n\n\n\n<p>&#8220;Es importante destacar que este tipo de consultas se han dise\u00f1ado y puesto en marcha como un medio para la construcci\u00f3n de ciudadan\u00eda en la medida en que promueven el ejercicio efectivo de los derechos humanos de ni\u00f1as, ni\u00f1os y\u00a0adolescentes a opinar y ser escuchados&#8221;, se\u00f1al\u00f3.<\/p>\n\n\n\n<p>Dio a conocer que las ni\u00f1as, ni\u00f1os y adolescentes del pa\u00eds, cuya edad se encuentre comprendida entre los 3 y hasta los 17 a\u00f1os, podr\u00e1n ejercer sus derechos a la participaci\u00f3n y la expresi\u00f3n, considerando para dicho fin 4 rangos etarios -3 a 5, 6\u00a0a 9, 10 a 13 y 14 a 17-.<\/p>\n\n\n\n<p>Asever\u00f3 que durante todo el mes de noviembre ni\u00f1as, ni\u00f1os y adolescentes, podr\u00e1n expresar su opini\u00f3n sobre los temas contenidos en las boletas de la Consulta Infantil y Juvenil 2021, los cuales ser\u00e1n: el cuidado del planeta, el bienestar y los derechos humanos.<\/p>\n\n\n\n<p>Quienes participen podr\u00e1n hacerlo a trav\u00e9s de una plataforma inform\u00e1tica que dar\u00e1 acceso a las boletas a trav\u00e9s de cualquier dispositivo con conexi\u00f3n a internet (computadora, tableta o tel\u00e9fono inteligente).<\/p>\n\n\n\n<p>&#8220;Sin embargo, considerando que no toda la poblaci\u00f3n mexicana cuenta con este tipo de dispositivos, y con el fin de incluir a tantas ni\u00f1as, ni\u00f1os y adolescentes como sea posible, los d\u00edas 16, 17, 18, 19 y 22 de noviembre, esta 10 Junta Distrital\u00a0Ejecutiva gestionar\u00e1n y pondr\u00e1n en operaci\u00f3n 60 casillas, operadas cada una de ellas por dos personas voluntarias&#8221;, coment\u00f3.<\/p>\n\n\n\n<p>Finalmente Eduardo Romay indic\u00f3 que a fin de complementar la visi\u00f3n institucional, el Consejo General consider\u00f3 conveniente conformar un Comit\u00e9 T\u00e9cnico de Acompa\u00f1amiento para lo cual decidi\u00f3 invitar a diversas instituciones y organizaciones de la sociedad civil que trabajan por los derechos de ni\u00f1as, ni\u00f1os y adolescentes, tales como: la Secretar\u00eda de Educaci\u00f3n P\u00fablica (SEP), el Sistema Nacional de Protecci\u00f3n Integral de Ni\u00f1as, Ni\u00f1os y Adolescentes (SIPINNA), el Fondo de Naciones Unidas para la Infancia (UNICEF), entre otras.<\/p>\n","protected":false},"excerpt":{"rendered":"<p>Dar\u00edo Pale Xalapa, Ver.- El vocal ejecutivo de la 10 Junta Distrital Ejecutiva, Eduardo Gerardo Romay Olmos, dio a conocer que este 1 y hasta el 30 de noviembre se realizar\u00e1 la Consulta Infantil y Juvenil 2021 del Instituto Nacional Electoral (INE). En entrevista dio a conocer que, a partir de este 1 de noviembre [&hellip;]<\/p>\n","protected":false},"author":1,"featured_media":19892,"comment_status":"open","ping_status":"open","sticky":false,"template":"","format":"standard","meta":{"_jetpack_memberships_contains_paid_content":false,"footnotes":""},"categories":[3],"tags":[],"class_list":["post-19891","post","type-post","status-publish","format-standard","has-post-thumbnail","hentry","category-xalapa"],"jetpack_featured_media_url":"https:\/\/encuentroinformativo.com.mx\/wp-content\/uploads\/2021\/11\/3DE2C280-CE8A-4C6D-9F4C-6BC3295C953C.jpeg","jetpack_sharing_enabled":true,"jetpack_likes_enabled":true,"amp_enabled":true,"_links":{"self":[{"href":"https:\/\/encuentroinformativo.com.mx\/index.php?rest_route=\/wp\/v2\/posts\/19891","targetHints":{"allow":["GET"]}}],"collection":[{"href":"https:\/\/encuentroinformativo.com.mx\/index.php?rest_route=\/wp\/v2\/posts"}],"about":[{"href":"https:\/\/encuentroinformativo.com.mx\/index.php?rest_route=\/wp\/v2\/types\/post"}],"author":[{"embeddable":true,"href":"https:\/\/encuentroinformativo.com.mx\/index.php?rest_route=\/wp\/v2\/users\/1"}],"replies":[{"embeddable":true,"href":"https:\/\/encuentroinformativo.com.mx\/index.php?rest_route=%2Fwp%2Fv2%2Fcomments&post=19891"}],"version-history":[{"count":1,"href":"https:\/\/encuentroinformativo.com.mx\/index.php?rest_route=\/wp\/v2\/posts\/19891\/revisions"}],"predecessor-version":[{"id":19893,"href":"https:\/\/encuentroinformativo.com.mx\/index.php?rest_route=\/wp\/v2\/posts\/19891\/revisions\/19893"}],"wp:featuredmedia":[{"embeddable":true,"href":"https:\/\/encuentroinformativo.com.mx\/index.php?rest_route=\/wp\/v2\/media\/19892"}],"wp:attachment":[{"href":"https:\/\/encuentroinformativo.com.mx\/index.php?rest_route=%2Fwp%2Fv2%2Fmedia&parent=19891"}],"wp:term":[{"taxonomy":"category","embeddable":true,"href":"https:\/\/encuentroinformativo.com.mx\/index.php?rest_route=%2Fwp%2Fv2%2Fcategories&post=19891"},{"taxonomy":"post_tag","embeddable":true,"href":"https:\/\/encuentroinformativo.com.mx\/index.php?rest_route=%2Fwp%2Fv2%2Ftags&post=19891"}],"curies":[{"name":"wp","href":"https:\/\/api.w.org\/{rel}","templated":true}]}}