{"id":19894,"date":"2021-11-01T13:12:54","date_gmt":"2021-11-01T19:12:54","guid":{"rendered":"https:\/\/encuentroinformativo.com.mx\/?p=19894"},"modified":"2021-11-01T13:12:58","modified_gmt":"2021-11-01T19:12:58","slug":"diputado-del-grupo-cazarin-lo-respalda-para-la-jucopo","status":"publish","type":"post","link":"https:\/\/encuentroinformativo.com.mx\/?p=19894","title":{"rendered":"Diputado del grupo \u201cCazar\u00edn\u201d lo respalda para la JUCOPO"},"content":{"rendered":"\n<p><strong>Dar\u00edo Pale <\/strong><\/p>\n\n\n\n<p>Xalapa, Ver.- En caso de que la mayor\u00eda de los nuevos diputados as\u00ed lo decida, apoyar\u00eda al diputado Juan Javier G\u00f3mez Cazar\u00edn para que volviera a ser el Presidente de la Junta de Coordinaci\u00f3n Pol\u00edtica (JUCOPO) en la pr\u00f3xima legislatura del Congreso local, as\u00ed lo dio a conocer el diputado local electo, Luis Ronaldo Z\u00e1rate.<\/p>\n\n\n\n<p>En entrevista se\u00f1al\u00f3 que durante los tres a\u00f1os que ya fungi\u00f3 como presidente de la Junta de Coordinaci\u00f3n Pol\u00edtica (Jucopo), hizo un buen trabajo, de manera que si los dem\u00e1s diputados est\u00e1n de acuerdo y lo proponen, \u00e9ste har\u00eda un buen trabajo.<\/p>\n\n\n\n<p>Dio a conocer que faltan tan solo unos d\u00edas para que se instale la pr\u00f3xima legislatura, el pr\u00f3ximo 05 de noviembre, por lo que el diputado electo se\u00f1al\u00f3 que ya hay muchas especulaciones sobre qui\u00e9n ser\u00e1 el pr\u00f3ximo presidente de la Mesa Directiva y JUCOPO.<\/p>\n\n\n\n<p>&#8220;No nos hemos sentado pero si la mayor\u00eda lo decide (que sea Juan Javier G\u00f3mez Cazar\u00edn), tenemos que respaldarlo. O una mujer tambi\u00e9n, lo que diga la mayor\u00eda. Suena mucho el nombre del compa\u00f1ero, del diputado, a parte que trae la experiencia, pero lo que diga la mayor\u00eda ser\u00e1 respaldado por un servidor&#8221;, coment\u00f3.<\/p>\n\n\n\n<p>Cuestionado tambi\u00e9n sobre la pol\u00e9mica entre el presidente de la Mesa Directiva del Congreso, Sergio Guti\u00e9rrez Luna y el Gobernador Cuitl\u00e1huac Garc\u00eda, opin\u00f3 que el legislador en su condici\u00f3n, puede visitar Veracruz, aunque s\u00ed ve que quiere sacar &#8220;raja pol\u00edtica&#8221;, de ello.<\/p>\n\n\n\n<p>Finalmente dio a conocer que, &#8220;primero que saque la Reforma El\u00e9ctrica, va muy adelantado, imag\u00ednate que nosotros ni siquiera lo conocemos, ahorita ya, pero asi que digamos, las bases lo conocen, no&#8221;.<\/p>\n","protected":false},"excerpt":{"rendered":"<p>Dar\u00edo Pale Xalapa, Ver.- En caso de que la mayor\u00eda de los nuevos diputados as\u00ed lo decida, apoyar\u00eda al diputado Juan Javier G\u00f3mez Cazar\u00edn para que volviera a ser el Presidente de la Junta de Coordinaci\u00f3n Pol\u00edtica (JUCOPO) en la pr\u00f3xima legislatura del Congreso local, as\u00ed lo dio a conocer el diputado local electo, Luis [&hellip;]<\/p>\n","protected":false},"author":1,"featured_media":19895,"comment_status":"open","ping_status":"open","sticky":false,"template":"","format":"standard","meta":{"_jetpack_memberships_contains_paid_content":false,"footnotes":""},"categories":[3],"tags":[],"class_list":["post-19894","post","type-post","status-publish","format-standard","has-post-thumbnail","hentry","category-xalapa"],"jetpack_featured_media_url":"https:\/\/encuentroinformativo.com.mx\/wp-content\/uploads\/2021\/11\/B593C6B8-1311-4BA9-AA7A-2D4E3DCD2585.jpeg","jetpack_sharing_enabled":true,"jetpack_likes_enabled":true,"amp_enabled":true,"_links":{"self":[{"href":"https:\/\/encuentroinformativo.com.mx\/index.php?rest_route=\/wp\/v2\/posts\/19894","targetHints":{"allow":["GET"]}}],"collection":[{"href":"https:\/\/encuentroinformativo.com.mx\/index.php?rest_route=\/wp\/v2\/posts"}],"about":[{"href":"https:\/\/encuentroinformativo.com.mx\/index.php?rest_route=\/wp\/v2\/types\/post"}],"author":[{"embeddable":true,"href":"https:\/\/encuentroinformativo.com.mx\/index.php?rest_route=\/wp\/v2\/users\/1"}],"replies":[{"embeddable":true,"href":"https:\/\/encuentroinformativo.com.mx\/index.php?rest_route=%2Fwp%2Fv2%2Fcomments&post=19894"}],"version-history":[{"count":1,"href":"https:\/\/encuentroinformativo.com.mx\/index.php?rest_route=\/wp\/v2\/posts\/19894\/revisions"}],"predecessor-version":[{"id":19896,"href":"https:\/\/encuentroinformativo.com.mx\/index.php?rest_route=\/wp\/v2\/posts\/19894\/revisions\/19896"}],"wp:featuredmedia":[{"embeddable":true,"href":"https:\/\/encuentroinformativo.com.mx\/index.php?rest_route=\/wp\/v2\/media\/19895"}],"wp:attachment":[{"href":"https:\/\/encuentroinformativo.com.mx\/index.php?rest_route=%2Fwp%2Fv2%2Fmedia&parent=19894"}],"wp:term":[{"taxonomy":"category","embeddable":true,"href":"https:\/\/encuentroinformativo.com.mx\/index.php?rest_route=%2Fwp%2Fv2%2Fcategories&post=19894"},{"taxonomy":"post_tag","embeddable":true,"href":"https:\/\/encuentroinformativo.com.mx\/index.php?rest_route=%2Fwp%2Fv2%2Ftags&post=19894"}],"curies":[{"name":"wp","href":"https:\/\/api.w.org\/{rel}","templated":true}]}}