{"id":19897,"date":"2021-11-01T13:39:17","date_gmt":"2021-11-01T19:39:17","guid":{"rendered":"https:\/\/encuentroinformativo.com.mx\/?p=19897"},"modified":"2021-11-01T13:39:21","modified_gmt":"2021-11-01T19:39:21","slug":"sin-agua-cementerio-de-coatepec-se-quejan-visitantes","status":"publish","type":"post","link":"https:\/\/encuentroinformativo.com.mx\/?p=19897","title":{"rendered":"Sin agua cementerio de Coatepec, se quejan visitantes"},"content":{"rendered":"\n<p><strong>Juan Arcos<\/strong><\/p>\n\n\n\n<p>Coatepec, Ver.- Pobladores de Coatepec denunciaron que el pante\u00f3n municipal carece de agua potable, situaci\u00f3n que dificult\u00f3 los trabajos de limpieza para la llegada de visitantes durante los festejos del D\u00eda de Muertos.<\/p>\n\n\n\n<p>Las personas dijeron desconocer los motivos por los cuales el cementerio se encuentra en dichas condiciones, pues durante estas fechas es notoria la llegada de personas.<\/p>\n\n\n\n<p>El se\u00f1or Gregorio Hern\u00e1ndez Mota indic\u00f3 que tarda m\u00e1s de diez o 15 minutos en llenar una cubeta que utiliza para limpiar tumbas, debido a que cae muy poca agua en las llaves.<\/p>\n\n\n\n<p>\u201cYo no s\u00e9 qu\u00e9 tiene el ayuntamiento que no env\u00eda agua ahorita en estos d\u00edas, ahorita es cuando todos vienen a lavar sus tumbas y no hay agua\u201d, lament\u00f3.<\/p>\n\n\n\n<p>El entrevistado opin\u00f3 que el camposanto tambi\u00e9n luce descuidado, pues hay basura acumulada y la hierba est\u00e1 crecida en algunos puntos de las cuatro hect\u00e1reas que comprende este sitio.<\/p>\n\n\n\n<p>\u201cQue le digan al ayuntamiento que hubiera mandado a limpiar el pante\u00f3n\u201d, opin\u00f3 otro se\u00f1or que se encontraba barriendo el pasillo principal.<\/p>\n\n\n\n<p>Don Gregorio acude con frecuencia al cementerio municipal para dar mantenimiento a la tumba de familiares y amigos; sin embargo, en esta ocasi\u00f3n, se top\u00f3 con que no hab\u00eda agua.<\/p>\n\n\n\n<p>\u201cLuego viene uno a limpiar una tumba y se enoja el encargado del pante\u00f3n, dice que no tienen por qu\u00e9 darle el trabajo a los que vienen nada m\u00e1s de vez en cuando, que tienen que darle el trabajo a los que laboran aqu\u00ed\u201d, enfatiz\u00f3.<\/p>\n\n\n\n<p>El pante\u00f3n del Pueblo M\u00e1gico se encuentra sobre la calle Cuauht\u00e9moc, en la colonia Loma del Suchill, con direcci\u00f3n a la colonia Manantiales.<\/p>\n","protected":false},"excerpt":{"rendered":"<p>Juan Arcos Coatepec, Ver.- Pobladores de Coatepec denunciaron que el pante\u00f3n municipal carece de agua potable, situaci\u00f3n que dificult\u00f3 los trabajos de limpieza para la llegada de visitantes durante los festejos del D\u00eda de Muertos. Las personas dijeron desconocer los motivos por los cuales el cementerio se encuentra en dichas condiciones, pues durante estas fechas [&hellip;]<\/p>\n","protected":false},"author":1,"featured_media":19898,"comment_status":"open","ping_status":"open","sticky":false,"template":"","format":"standard","meta":{"_jetpack_memberships_contains_paid_content":false,"footnotes":""},"categories":[8],"tags":[],"class_list":["post-19897","post","type-post","status-publish","format-standard","has-post-thumbnail","hentry","category-region"],"jetpack_featured_media_url":"https:\/\/encuentroinformativo.com.mx\/wp-content\/uploads\/2021\/11\/B87368D4-3D56-4935-9887-2DF2B1E8C1B4.jpeg","jetpack_sharing_enabled":true,"jetpack_likes_enabled":true,"amp_enabled":true,"_links":{"self":[{"href":"https:\/\/encuentroinformativo.com.mx\/index.php?rest_route=\/wp\/v2\/posts\/19897","targetHints":{"allow":["GET"]}}],"collection":[{"href":"https:\/\/encuentroinformativo.com.mx\/index.php?rest_route=\/wp\/v2\/posts"}],"about":[{"href":"https:\/\/encuentroinformativo.com.mx\/index.php?rest_route=\/wp\/v2\/types\/post"}],"author":[{"embeddable":true,"href":"https:\/\/encuentroinformativo.com.mx\/index.php?rest_route=\/wp\/v2\/users\/1"}],"replies":[{"embeddable":true,"href":"https:\/\/encuentroinformativo.com.mx\/index.php?rest_route=%2Fwp%2Fv2%2Fcomments&post=19897"}],"version-history":[{"count":1,"href":"https:\/\/encuentroinformativo.com.mx\/index.php?rest_route=\/wp\/v2\/posts\/19897\/revisions"}],"predecessor-version":[{"id":19899,"href":"https:\/\/encuentroinformativo.com.mx\/index.php?rest_route=\/wp\/v2\/posts\/19897\/revisions\/19899"}],"wp:featuredmedia":[{"embeddable":true,"href":"https:\/\/encuentroinformativo.com.mx\/index.php?rest_route=\/wp\/v2\/media\/19898"}],"wp:attachment":[{"href":"https:\/\/encuentroinformativo.com.mx\/index.php?rest_route=%2Fwp%2Fv2%2Fmedia&parent=19897"}],"wp:term":[{"taxonomy":"category","embeddable":true,"href":"https:\/\/encuentroinformativo.com.mx\/index.php?rest_route=%2Fwp%2Fv2%2Fcategories&post=19897"},{"taxonomy":"post_tag","embeddable":true,"href":"https:\/\/encuentroinformativo.com.mx\/index.php?rest_route=%2Fwp%2Fv2%2Ftags&post=19897"}],"curies":[{"name":"wp","href":"https:\/\/api.w.org\/{rel}","templated":true}]}}