{"id":19903,"date":"2021-11-01T14:57:54","date_gmt":"2021-11-01T20:57:54","guid":{"rendered":"https:\/\/encuentroinformativo.com.mx\/?p=19903"},"modified":"2021-11-01T14:57:57","modified_gmt":"2021-11-01T20:57:57","slug":"explota-gasera-en-medellin-de-bravo-un-lesionado-de-gravedad","status":"publish","type":"post","link":"https:\/\/encuentroinformativo.com.mx\/?p=19903","title":{"rendered":"Explota gasera en Medell\u00edn de Bravo, un lesionado de gravedad"},"content":{"rendered":"\n<p><strong>Alejandro \u00c1vila<\/strong><\/p>\n\n\n\n<p>Medell\u00edn de Bravo, Ver. \u2013 Con quemaduras de segundo y tercer grado en el 70 por ciento de su cuerpo, qued\u00f3 un sujeto que habr\u00eda ingresado a la empresa \u201cSonigas\u201d para incendiar el lugar, los motivos de esta acci\u00f3n a\u00fan se desconocen por parte de las autoridades.<\/p>\n\n\n\n<p>Elementos de Protecci\u00f3n Civil municipal mencionaron que recibieron un reporte alrededor de la 1 de la madrugada sobre un incendio en la empresa de gas, misma que se encuentra en la localidad de El Moralillo, enfrente del fraccionamiento \u201cSan Miguel\u201d.<\/p>\n\n\n\n<p>\u201cAcudimos a intentar controlar el incendio, de igual manera solicitamos apoyo de Bomberos Conurbados porque no nos d\u00e1bamos abasto, a final de cuentas termin\u00f3 explotando la estaci\u00f3n y afortunadamente solo hubo un lesionado por quemaduras, y bueno inmediatamente lo atendimos ah\u00ed\u201d, mencion\u00f3 Leopoldo Moreno Romero.<\/p>\n\n\n\n<p>Los elementos de la Polic\u00eda Estatal se entrevistaron con el velador quien inform\u00f3 que un hombre ingres\u00f3 a la empresa y prendi\u00f3 un tanque de 20 kilos abajo del tanque de 5 000 litros; por lo que inmediatamente llam\u00f3 al 911 para que este canalizara la llamada y se activaran los sistemas de emergencias.<\/p>\n\n\n\n<p>Al acudieron Bomberos Conurbados, Protecci\u00f3n Civil de Medell\u00edn de Bravo y Polic\u00eda Estatal, quienes contuvieron el incendio tras pasar por m\u00e1s de una hora; los param\u00e9dicos de Cruz Roja atendieron al sujeto que presuntamente habr\u00eda iniciado el incendio, pues result\u00f3 con quemaduras de segundo y tercer grado en el 70% de su cuerpo; adem\u00e1s, se reporta que resultaron heridos con quemaduras leves 2 oficiales de SSP.<\/p>\n","protected":false},"excerpt":{"rendered":"<p>Alejandro \u00c1vila Medell\u00edn de Bravo, Ver. \u2013 Con quemaduras de segundo y tercer grado en el 70 por ciento de su cuerpo, qued\u00f3 un sujeto que habr\u00eda ingresado a la empresa \u201cSonigas\u201d para incendiar el lugar, los motivos de esta acci\u00f3n a\u00fan se desconocen por parte de las autoridades. Elementos de Protecci\u00f3n Civil municipal mencionaron [&hellip;]<\/p>\n","protected":false},"author":1,"featured_media":19904,"comment_status":"open","ping_status":"open","sticky":false,"template":"","format":"standard","meta":{"_jetpack_memberships_contains_paid_content":false,"footnotes":""},"categories":[14],"tags":[],"class_list":["post-19903","post","type-post","status-publish","format-standard","has-post-thumbnail","hentry","category-policiaca"],"jetpack_featured_media_url":"https:\/\/encuentroinformativo.com.mx\/wp-content\/uploads\/2021\/11\/859B9183-BB0C-4C69-888C-5D04E5D780E5.jpeg","jetpack_sharing_enabled":true,"jetpack_likes_enabled":true,"amp_enabled":true,"_links":{"self":[{"href":"https:\/\/encuentroinformativo.com.mx\/index.php?rest_route=\/wp\/v2\/posts\/19903","targetHints":{"allow":["GET"]}}],"collection":[{"href":"https:\/\/encuentroinformativo.com.mx\/index.php?rest_route=\/wp\/v2\/posts"}],"about":[{"href":"https:\/\/encuentroinformativo.com.mx\/index.php?rest_route=\/wp\/v2\/types\/post"}],"author":[{"embeddable":true,"href":"https:\/\/encuentroinformativo.com.mx\/index.php?rest_route=\/wp\/v2\/users\/1"}],"replies":[{"embeddable":true,"href":"https:\/\/encuentroinformativo.com.mx\/index.php?rest_route=%2Fwp%2Fv2%2Fcomments&post=19903"}],"version-history":[{"count":1,"href":"https:\/\/encuentroinformativo.com.mx\/index.php?rest_route=\/wp\/v2\/posts\/19903\/revisions"}],"predecessor-version":[{"id":19905,"href":"https:\/\/encuentroinformativo.com.mx\/index.php?rest_route=\/wp\/v2\/posts\/19903\/revisions\/19905"}],"wp:featuredmedia":[{"embeddable":true,"href":"https:\/\/encuentroinformativo.com.mx\/index.php?rest_route=\/wp\/v2\/media\/19904"}],"wp:attachment":[{"href":"https:\/\/encuentroinformativo.com.mx\/index.php?rest_route=%2Fwp%2Fv2%2Fmedia&parent=19903"}],"wp:term":[{"taxonomy":"category","embeddable":true,"href":"https:\/\/encuentroinformativo.com.mx\/index.php?rest_route=%2Fwp%2Fv2%2Fcategories&post=19903"},{"taxonomy":"post_tag","embeddable":true,"href":"https:\/\/encuentroinformativo.com.mx\/index.php?rest_route=%2Fwp%2Fv2%2Ftags&post=19903"}],"curies":[{"name":"wp","href":"https:\/\/api.w.org\/{rel}","templated":true}]}}