{"id":19906,"date":"2021-11-01T15:02:50","date_gmt":"2021-11-01T21:02:50","guid":{"rendered":"https:\/\/encuentroinformativo.com.mx\/?p=19906"},"modified":"2021-11-01T15:02:52","modified_gmt":"2021-11-01T21:02:52","slug":"tras-cirugia-evoluciona-yegua-victima-de-maltrato-animal","status":"publish","type":"post","link":"https:\/\/encuentroinformativo.com.mx\/?p=19906","title":{"rendered":"Tras cirug\u00eda evoluciona yegua v\u00edctima de maltrato animal"},"content":{"rendered":"\n<p><strong>Alejandro \u00c1vila<\/strong><\/p>\n\n\n\n<p>Veracruz, Ver. \u2013 La yegua que fue resguardada por el Ayuntamiento de Veracruz tras ser v\u00edctima de maltrato animal, evoluciona favorablemente despu\u00e9s de la operaci\u00f3n que le practicaron en la Facultad de Medicina Veterinaria y Zootecnia de la Universidad Veracruz, destac\u00f3 el director de Medio Ambiente, Jos\u00e9 \u00c1ngel Capetillo Victoriano.<\/p>\n\n\n\n<p>El funcionario municipal record\u00f3 que el pasado 12 de octubre el equino fue asegurado en un operativo por personal adscrito a la direcci\u00f3n que preside; y ante la grave lesi\u00f3n que presentaba se solicit\u00f3 el apoyo de la Universidad Veracruzana mediante expertos en enfermedades de equinos.<\/p>\n\n\n\n<p>\u201cA esta yegua se le retir\u00f3 masa fibrosa de las extremidades delanteras, en espec\u00edfico de la pata izquierda, se presume que esta lesi\u00f3n pudo haber sido causada por alg\u00fan tipo de amarre en el que se encontraba este animal, el procedimiento de retiro de esta masa fibrosa, fue hecho bajo un tipo de sedaci\u00f3n, supervisi\u00f3n y vigilancia m\u00e9dica. La yegua respondi\u00f3 muy bien al procedimiento, actualmente se est\u00e1 recuperando, est\u00e1 ganando peso, se encontraba en un estado hasta cierto punto deplorable\u201d, manifest\u00f3.<\/p>\n\n\n\n<p>Capetillo Victoriano destac\u00f3 que los m\u00e9dicos adscritos al Ayuntamiento y los de la Universidad Veracruzana estar\u00e1n atentos a la evoluci\u00f3n del equino y realizar\u00e1 las curaciones y cambios de vendaje peri\u00f3dicos para poder completar al cien por ciento la recuperaci\u00f3n.<\/p>\n\n\n\n<p>Finalmente, Jos\u00e9 \u00c1ngel Capetillo Victoriano, solicit\u00f3 a la ciudadan\u00eda que realice sus reportes de maltrato animal a las v\u00edas de comunicaci\u00f3n del Ayuntamiento de Veracruz, en primera instancia para dar atenci\u00f3n m\u00e9dica a los espec\u00edmenes y colocar denuncias ante la FEDAYCA a los responsables de esta acci\u00f3n violenta.<\/p>\n","protected":false},"excerpt":{"rendered":"<p>Alejandro \u00c1vila Veracruz, Ver. \u2013 La yegua que fue resguardada por el Ayuntamiento de Veracruz tras ser v\u00edctima de maltrato animal, evoluciona favorablemente despu\u00e9s de la operaci\u00f3n que le practicaron en la Facultad de Medicina Veterinaria y Zootecnia de la Universidad Veracruz, destac\u00f3 el director de Medio Ambiente, Jos\u00e9 \u00c1ngel Capetillo Victoriano. El funcionario municipal [&hellip;]<\/p>\n","protected":false},"author":1,"featured_media":19907,"comment_status":"open","ping_status":"open","sticky":false,"template":"","format":"standard","meta":{"_jetpack_memberships_contains_paid_content":false,"footnotes":""},"categories":[2],"tags":[],"class_list":["post-19906","post","type-post","status-publish","format-standard","has-post-thumbnail","hentry","category-estado"],"jetpack_featured_media_url":"https:\/\/encuentroinformativo.com.mx\/wp-content\/uploads\/2021\/11\/4232DA6A-9940-436F-8F85-EEEF44C4FEBD.jpeg","jetpack_sharing_enabled":true,"jetpack_likes_enabled":true,"amp_enabled":true,"_links":{"self":[{"href":"https:\/\/encuentroinformativo.com.mx\/index.php?rest_route=\/wp\/v2\/posts\/19906","targetHints":{"allow":["GET"]}}],"collection":[{"href":"https:\/\/encuentroinformativo.com.mx\/index.php?rest_route=\/wp\/v2\/posts"}],"about":[{"href":"https:\/\/encuentroinformativo.com.mx\/index.php?rest_route=\/wp\/v2\/types\/post"}],"author":[{"embeddable":true,"href":"https:\/\/encuentroinformativo.com.mx\/index.php?rest_route=\/wp\/v2\/users\/1"}],"replies":[{"embeddable":true,"href":"https:\/\/encuentroinformativo.com.mx\/index.php?rest_route=%2Fwp%2Fv2%2Fcomments&post=19906"}],"version-history":[{"count":1,"href":"https:\/\/encuentroinformativo.com.mx\/index.php?rest_route=\/wp\/v2\/posts\/19906\/revisions"}],"predecessor-version":[{"id":19908,"href":"https:\/\/encuentroinformativo.com.mx\/index.php?rest_route=\/wp\/v2\/posts\/19906\/revisions\/19908"}],"wp:featuredmedia":[{"embeddable":true,"href":"https:\/\/encuentroinformativo.com.mx\/index.php?rest_route=\/wp\/v2\/media\/19907"}],"wp:attachment":[{"href":"https:\/\/encuentroinformativo.com.mx\/index.php?rest_route=%2Fwp%2Fv2%2Fmedia&parent=19906"}],"wp:term":[{"taxonomy":"category","embeddable":true,"href":"https:\/\/encuentroinformativo.com.mx\/index.php?rest_route=%2Fwp%2Fv2%2Fcategories&post=19906"},{"taxonomy":"post_tag","embeddable":true,"href":"https:\/\/encuentroinformativo.com.mx\/index.php?rest_route=%2Fwp%2Fv2%2Ftags&post=19906"}],"curies":[{"name":"wp","href":"https:\/\/api.w.org\/{rel}","templated":true}]}}