{"id":19923,"date":"2021-11-02T11:10:01","date_gmt":"2021-11-02T17:10:01","guid":{"rendered":"https:\/\/encuentroinformativo.com.mx\/?p=19923"},"modified":"2021-11-02T11:10:04","modified_gmt":"2021-11-02T17:10:04","slug":"culpan-a-chatarreros-de-robos-de-alcantarillas-policia-omisa-acusan-vecinos","status":"publish","type":"post","link":"https:\/\/encuentroinformativo.com.mx\/?p=19923","title":{"rendered":"Culpan a chatarreros de robos de alcantarillas, polic\u00eda omisa acusan vecinos"},"content":{"rendered":"\n<p><strong>Alejandro \u00c1vila<\/strong><\/p>\n\n\n\n<p>Veracruz, Ver.- La tragedia de la noche de este lunes, donde Brian, un peque\u00f1o de 13 a\u00f1os que se dirig\u00eda a la tienda perdiera la vida tras caer en un registro sin tapa de la Comisi\u00f3n Federal de Electricidad, podr\u00eda tener dos responsables primarios, acusaron vecinos del Infonavit Chiveria.<\/p>\n\n\n\n<p>El primero, los jovenes &#8220;chatarreros&#8221; quienes est\u00e1n plenamente identificados como los ladrones de tapas, alcantarillas y otros articulos, y quienes se refugian en la colonia Ana Carreto, a unas cuantas calles del Infonavit Chiveria.<\/p>\n\n\n\n<p>El otro, las corporaciones policiales quienes hacen caso omiso de los robos, y deciden no aprender a los responsables, pues se\u00f1alan no es su jurisdicci\u00f3n.<\/p>\n\n\n\n<p>&#8220;Ay, cada rato se est\u00e1n llevando las\u2026nada m\u00e1s creo que esperan que se encierre uno para salir a robarse todo lo que pueden. Yo ten\u00eda un sill\u00f3n, pues se brincaron la barda y se lo llevaron (\u2026) pues anda seg\u00fan un velador y le digo, &#8216;oiga, como le voy a dar si me acaban de robar&#8217;, y me dice, &#8216;ah, s\u00ed. Son lo carreteros que andan&#8217; (\u2026) esos son, los chatarreros&#8221;, mencion\u00f3 la se\u00f1ora Mar\u00eda Isabel de la Cruz.<\/p>\n\n\n\n<p>Do\u00f1a Mar\u00eda Isabel, tambi\u00e9n record\u00f3 que esto no es la primera vez que sucede, pues hace unos meses una ni\u00f1a tambi\u00e9n cay\u00f3 en un registro abierto, y en un d\u00eda de lluvia, una se\u00f1ora que iba rumbo a su trabajo, tambi\u00e9n fue v\u00edctima de esta situaci\u00f3n.<\/p>\n\n\n\n<p>Por su parte, la se\u00f1ora Pilar Aguilar, acus\u00f3 a las fuerzas del orden de no tener intenci\u00f3n de solucionar el problema que no solo aqueja a colonias populares, pues ya se ha extendido en toda la ciudad.<\/p>\n\n\n\n<p>&#8220;Ayer casualmente, el se\u00f1or que protege la zona, yo tom\u00e9 una platica con \u00e9l y \u00e9l me respondi\u00f3 bien, &#8216;s\u00ed, dice\u2026yo encontr\u00e9 all\u00e1 a unos jovenes que iban con tres tapas ya en el triciclo, pero yo habl\u00e9 a la polic\u00eda, dijo la polic\u00eda, dejalos, que eso es federal, eso no es de nosotros&#8221;, apunt\u00f3.<\/p>\n\n\n\n<p>Este martes, vecinos colocaron veladoras en la calle Jos\u00e9 Vasconselos, justo en la tapa de registro donde cay\u00f3 Brian; ah\u00ed hab\u00eda quedado su refresco y una de sus chanclas.<\/p>\n","protected":false},"excerpt":{"rendered":"<p>Alejandro \u00c1vila Veracruz, Ver.- La tragedia de la noche de este lunes, donde Brian, un peque\u00f1o de 13 a\u00f1os que se dirig\u00eda a la tienda perdiera la vida tras caer en un registro sin tapa de la Comisi\u00f3n Federal de Electricidad, podr\u00eda tener dos responsables primarios, acusaron vecinos del Infonavit Chiveria. El primero, los jovenes [&hellip;]<\/p>\n","protected":false},"author":1,"featured_media":19924,"comment_status":"open","ping_status":"open","sticky":false,"template":"","format":"standard","meta":{"_jetpack_memberships_contains_paid_content":false,"footnotes":""},"categories":[2],"tags":[],"class_list":["post-19923","post","type-post","status-publish","format-standard","has-post-thumbnail","hentry","category-estado"],"jetpack_featured_media_url":"https:\/\/encuentroinformativo.com.mx\/wp-content\/uploads\/2021\/11\/3ADEF3D2-429D-4354-8480-3043A7F30E6E.jpeg","jetpack_sharing_enabled":true,"jetpack_likes_enabled":true,"amp_enabled":true,"_links":{"self":[{"href":"https:\/\/encuentroinformativo.com.mx\/index.php?rest_route=\/wp\/v2\/posts\/19923","targetHints":{"allow":["GET"]}}],"collection":[{"href":"https:\/\/encuentroinformativo.com.mx\/index.php?rest_route=\/wp\/v2\/posts"}],"about":[{"href":"https:\/\/encuentroinformativo.com.mx\/index.php?rest_route=\/wp\/v2\/types\/post"}],"author":[{"embeddable":true,"href":"https:\/\/encuentroinformativo.com.mx\/index.php?rest_route=\/wp\/v2\/users\/1"}],"replies":[{"embeddable":true,"href":"https:\/\/encuentroinformativo.com.mx\/index.php?rest_route=%2Fwp%2Fv2%2Fcomments&post=19923"}],"version-history":[{"count":1,"href":"https:\/\/encuentroinformativo.com.mx\/index.php?rest_route=\/wp\/v2\/posts\/19923\/revisions"}],"predecessor-version":[{"id":19925,"href":"https:\/\/encuentroinformativo.com.mx\/index.php?rest_route=\/wp\/v2\/posts\/19923\/revisions\/19925"}],"wp:featuredmedia":[{"embeddable":true,"href":"https:\/\/encuentroinformativo.com.mx\/index.php?rest_route=\/wp\/v2\/media\/19924"}],"wp:attachment":[{"href":"https:\/\/encuentroinformativo.com.mx\/index.php?rest_route=%2Fwp%2Fv2%2Fmedia&parent=19923"}],"wp:term":[{"taxonomy":"category","embeddable":true,"href":"https:\/\/encuentroinformativo.com.mx\/index.php?rest_route=%2Fwp%2Fv2%2Fcategories&post=19923"},{"taxonomy":"post_tag","embeddable":true,"href":"https:\/\/encuentroinformativo.com.mx\/index.php?rest_route=%2Fwp%2Fv2%2Ftags&post=19923"}],"curies":[{"name":"wp","href":"https:\/\/api.w.org\/{rel}","templated":true}]}}