{"id":19931,"date":"2021-11-02T14:22:11","date_gmt":"2021-11-02T20:22:11","guid":{"rendered":"https:\/\/encuentroinformativo.com.mx\/?p=19931"},"modified":"2021-11-02T14:22:14","modified_gmt":"2021-11-02T20:22:14","slug":"el-claudista","status":"publish","type":"post","link":"https:\/\/encuentroinformativo.com.mx\/?p=19931","title":{"rendered":"El Claudista"},"content":{"rendered":"\n<p><strong>Los Pol\u00edticos<\/strong><\/p>\n\n\n\n<p><strong>Salvador Mu\u00f1oz<\/strong><\/p>\n\n\n\n<p>Ya sea por convicci\u00f3n (hay que darle el beneficio de la duda) o por imitaci\u00f3n, cada vez que tiene oportunidad, Cuitl\u00e1huac Garc\u00eda busca la foto al lado de Claudia Sheinbaum, jefa de Gobierno de la Ciudad de M\u00e9xico.<\/p>\n\n\n\n<p>Si lo pensamos que lo hace por Convicci\u00f3n, hemos de suponer que Cuitl\u00e1huac Garc\u00eda cree que Claudia Sheinbaum tiene mayor oportunidad de ser candidata a la Presidencia de la Rep\u00fablica que un Marcelo Ebrard o Ricardo Monreal, por citar los m\u00e1s sonados en esta adelantada caballada de Morena.<\/p>\n\n\n\n<p>Si es por imitaci\u00f3n, es porque el mensaje que ha dado en estos momentos el l\u00edder moral de los Morenos, L\u00f3pez Obrador, es que la candidata ser\u00e1 Claudia.<\/p>\n\n\n\n<p>Quiz\u00e1s en otros tiempos, el prematuro destape de un personaje por parte del Preciso, implicar\u00eda cuidar al \u201cTapado\u201d \u00a1y m\u00e1s faltando tanto tiempo! Sin embargo, en tres a\u00f1os al frente del Poder absoluto, L\u00f3pez Obrador ha dado muestras del S\u00edndrome del Rey y no precisamente de Chocolate: \u201cY mi palabra es la Ley\u201d&#8230; Entonces, si dice que es Claudia, pues para muchos de sus adeptos, \u201cson las horas que usted diga\u201d.<\/p>\n\n\n\n<p>A diferencia de Morena, que m\u00ednimo, tiene tres cartas con sus respectivas fortalezas y debilidades, en la oposici\u00f3n sus figuras no terminan de cuajar.<\/p>\n\n\n\n<p>Conste, esto no quiere decir que la Oposici\u00f3n carezca de gente preparada, con experiencia y con conocimiento en el arte de Gobernar, pero cuando la Capacidad est\u00e9 por encima de la popularidad o incluso, hasta de la Democracia, otro gallo nos estar\u00eda cantando.<\/p>\n\n\n\n<p>Por supuesto, el p\u00e1rrafo igual le cae como anillo al dedo a Morena, como a cualquier otro partido.<\/p>\n\n\n\n<p>Volviendo con Cuitl\u00e1huac\u2026 quitemosle el beneficio de la duda a Garc\u00eda Jim\u00e9nez en la apuesta de todas sus canicas por Claudia Sheinbaum y no nos expone a un ajedrecista de la pol\u00edtica, sino a un convenenciero que simplemente jala con la cargada. Al cierre de su administraci\u00f3n y si las estrellas se le al\u00ednean a Claudia Sheinbaum, es seguro que Cuitl\u00e1huac y quienes lo rodean ejerzan el poder (como lo har\u00eda cualquier otro Gobernador de cualquier otro partido) para que en Veracruz, gane el candidato af\u00edn aunque ello no sea regla\u2026 remember Pe\u00f1a Nieto en Veracruz.<\/p>\n\n\n\n<p>Cuando las elecciones presidenciales del 2006, el candidato del PRI, Enrique Pe\u00f1a Nieto, pierde en Veracruz con escaso margen, unos tres mil votos, contra la candidata del PAN, Josefina V\u00e1zquez Mota. La derrota electoral fue atribuida a Javier Duarte de Ochoa con dos a\u00f1os en el Gobierno; el triunfo de la panista, atribuido a Miguel \u00c1ngel Yunes Linares.<\/p>\n\n\n\n<p>Como sea, este 2024, quien quiera que sea el candidato de Morena a la presidencia, Claudia, Ricardo o Marcelo (por citar a los m\u00e1s citados), Cuitl\u00e1huac tendr\u00e1 un excelente term\u00f3metro en el fin de su sexenio que le puede dar el pase autom\u00e1tico a las ligas mayores\u2026 claro, siempre y cuando tenga ambici\u00f3n pol\u00edtica para seguir en estos menesteres\u2026<\/p>\n\n\n\n<p>\u00bfQu\u00e9? \u00bfNo le ve tama\u00f1o al Ingeniero para incorporarse en un Gabinete federal? Igual en Veracruz nadie apostaba verlo sentado en una curul y mucho menos en la silla del Palacio de Enr\u00edquez\u2026 \u00a1vamos! cu\u00e1ntos lo vieron incapaz de que llegara a dos a\u00f1os de Gobierno \u00a1y m\u00edrenlo! Hoy no pierde oportunidad de sacarse una selfie al lado de Claudia Sheinbaum\u2026 les repito: si la capacidad estuviera por encima de la popularidad o incluso, hasta de la Democracia, otro gallo nos estar\u00eda gobernando.<\/p>\n\n\n\n<p><a href=\"mailto:smcainito@gmail.com\" target=\"_blank\" rel=\"noreferrer noopener\">smcainito@gmail.com<\/a><\/p>\n","protected":false},"excerpt":{"rendered":"<p>Los Pol\u00edticos Salvador Mu\u00f1oz Ya sea por convicci\u00f3n (hay que darle el beneficio de la duda) o por imitaci\u00f3n, cada vez que tiene oportunidad, Cuitl\u00e1huac Garc\u00eda busca la foto al lado de Claudia Sheinbaum, jefa de Gobierno de la Ciudad de M\u00e9xico. Si lo pensamos que lo hace por Convicci\u00f3n, hemos de suponer que Cuitl\u00e1huac [&hellip;]<\/p>\n","protected":false},"author":1,"featured_media":387,"comment_status":"open","ping_status":"open","sticky":false,"template":"","format":"standard","meta":{"_jetpack_memberships_contains_paid_content":false,"footnotes":""},"categories":[11],"tags":[],"class_list":["post-19931","post","type-post","status-publish","format-standard","has-post-thumbnail","hentry","category-opinion"],"jetpack_featured_media_url":"https:\/\/encuentroinformativo.com.mx\/wp-content\/uploads\/2020\/03\/7CF8A22B-2764-47BE-8F7F-38FE9E5D6A2F.jpeg","jetpack_sharing_enabled":true,"jetpack_likes_enabled":true,"amp_enabled":true,"_links":{"self":[{"href":"https:\/\/encuentroinformativo.com.mx\/index.php?rest_route=\/wp\/v2\/posts\/19931","targetHints":{"allow":["GET"]}}],"collection":[{"href":"https:\/\/encuentroinformativo.com.mx\/index.php?rest_route=\/wp\/v2\/posts"}],"about":[{"href":"https:\/\/encuentroinformativo.com.mx\/index.php?rest_route=\/wp\/v2\/types\/post"}],"author":[{"embeddable":true,"href":"https:\/\/encuentroinformativo.com.mx\/index.php?rest_route=\/wp\/v2\/users\/1"}],"replies":[{"embeddable":true,"href":"https:\/\/encuentroinformativo.com.mx\/index.php?rest_route=%2Fwp%2Fv2%2Fcomments&post=19931"}],"version-history":[{"count":1,"href":"https:\/\/encuentroinformativo.com.mx\/index.php?rest_route=\/wp\/v2\/posts\/19931\/revisions"}],"predecessor-version":[{"id":19932,"href":"https:\/\/encuentroinformativo.com.mx\/index.php?rest_route=\/wp\/v2\/posts\/19931\/revisions\/19932"}],"wp:featuredmedia":[{"embeddable":true,"href":"https:\/\/encuentroinformativo.com.mx\/index.php?rest_route=\/wp\/v2\/media\/387"}],"wp:attachment":[{"href":"https:\/\/encuentroinformativo.com.mx\/index.php?rest_route=%2Fwp%2Fv2%2Fmedia&parent=19931"}],"wp:term":[{"taxonomy":"category","embeddable":true,"href":"https:\/\/encuentroinformativo.com.mx\/index.php?rest_route=%2Fwp%2Fv2%2Fcategories&post=19931"},{"taxonomy":"post_tag","embeddable":true,"href":"https:\/\/encuentroinformativo.com.mx\/index.php?rest_route=%2Fwp%2Fv2%2Ftags&post=19931"}],"curies":[{"name":"wp","href":"https:\/\/api.w.org\/{rel}","templated":true}]}}