{"id":1994,"date":"2020-04-21T12:25:56","date_gmt":"2020-04-21T17:25:56","guid":{"rendered":"https:\/\/encuentroinformativo.com\/?p=1994"},"modified":"2020-04-21T12:25:59","modified_gmt":"2020-04-21T17:25:59","slug":"no-manches-la-gente-anda-como-si-nada","status":"publish","type":"post","link":"https:\/\/encuentroinformativo.com.mx\/?p=1994","title":{"rendered":"\u201c\u00a1No manches! la gente anda como si nada!\u201d"},"content":{"rendered":"\n<p><strong>Los Pol\u00edticos<\/strong><\/p>\n\n\n\n<p><strong>Salvador Mu\u00f1oz<\/strong><br><\/p>\n\n\n\n<p>S\u00f3lo despu\u00e9s de que supo que la hermana de su amiga hab\u00eda sido contagiada de Coronavirus, cay\u00f3 ese muro de escepticismo que es capaz de generar en muchos ciudadanos la cantidad de teor\u00edas alejadas de la pandemia y que hacen que vayan por las oficinas, por las calles, por los parques, en los centros de abastecimiento, como si nada.<\/p>\n\n\n\n<p>Ese escepticismo que vemos en muchos expendios de alimentos, que va desde el se\u00f1or que pela sin guantes y sin cubrebocas, las pi\u00f1as; la se\u00f1ora y compa\u00f1\u00eda que venden cocteles de fruta y jugos sin forma alguna de higiene; o del muchacho que anuncia sus verduras y legumbres en carretilla a todo pulm\u00f3n, estando en ellos dos denominadores comunes:<\/p>\n\n\n\n<p>1.- No parece preocuparles mucho la salud de sus clientes\u2026<\/p>\n\n\n\n<p>2.- A los clientes, no parece preocuparles mucho su salud\u2026<\/p>\n\n\n\n<p>La Mujer me pregunta si quiero jugo de naranja\u2026 le digo que lo lamento mucho, pero las condiciones en las que est\u00e1n vendiendo, me genera mucha desconfianza.<\/p>\n\n\n\n<p>Es curioso, pero si en enero me hubiera hecho la misma pregunta, le hubiera respondido que s\u00ed, sin dudar, pero ahora, o m\u00e1s bien, despu\u00e9s de esto, las cosas ya no deben de ser como lo eran antes del coronavirus\u2026 porque si no, no habr\u00e1 valido la pena\u2026<\/p>\n\n\n\n<p>II<\/p>\n\n\n\n<p>La llamaron al celular y la noticia fue un golpe emocional\u2026 si bien, ya ten\u00eda las sospechas, albergaba la esperanza de que s\u00f3lo hubiera sido ese helado y el aire acondicionado del carro los que le estaban ocasionando malestares. \u201cTen\u00eda\u201d Covid-19. Poco vali\u00f3 usar cubrebocas, hacer el ritual para entrar a la casa; pedirle a su hijo que esperara un poco m\u00e1s para saludarla; lavar su ropa de trabajo aparte y bajo determinadas condiciones; para acabar ba\u00f1\u00e1ndose a conciencia\u2026 hoy, se r\u00ede, porque todav\u00eda est\u00e1 a la espera de otro paquete de cubrebocas, sin contar con la m\u00e1scara especial que iba a usar en cuanto percibiera las circunstancias para hacerlo\u2026<\/p>\n\n\n\n<p>Le grabo un videomensaje donde le digo que le mando toda mi \u201cfuerza moral\u201d, as\u00ed como una estampita y en espera de que le hagan un rico mole de guajolote, as\u00ed como lo recet\u00f3 el doc\u2026 digo, el Gobernador de Puebla. No le hace mucha gracia mi mensaje\u2026 se entiende\u2026 est\u00e1 molesta, hasta cierto punto encabronada, su acento \u201cdefe\u00f1o\u201d se acent\u00faa cuando expresa su malestar: \u201c\u00a1No manches! la gente anda como si nada!\u201d<\/p>\n\n\n\n<p>Esto me remite al informe dado en Google con respecto a la Movilidad Comunitaria\u2026 Veracruz es de los estados donde pareciera que poco les importan las medidas aplicadas en la Emergencia Sanitaria.<\/p>\n\n\n\n<p>III<\/p>\n\n\n\n<p>En la oficina, \u00e9l llega con cubrebocas\u2026 es el \u00fanico\u2026 y el \u00fanico blanco de burlas\u2026<\/p>\n\n\n\n<p>En su oficina, ella llega con cubrebocas\u2026 es la \u00fanica\u2026 y \u00fanico blanco de burlas\u2026<\/p>\n\n\n\n<p>Esto ocurre en Xalapa\u2026 Ellos toman a conciencia el tema del Coronavirus\u2026 \u00bfpor qu\u00e9 el resto de sus compa\u00f1eros no? Hay muchas suposiciones, entre ellas, la forma tan laxa en que las autoridades estatales tomaron el asunto\u2026 si el gobernador pareciera en su forma de actuar que \u201cesto\u201d no parece tan serio, \u00bfpara qu\u00e9 preocuparse por ello?<\/p>\n\n\n\n<p>El escepticismo retador de la gente que camina en familia, sin guardar la sana distancia, que hace de todos sus d\u00edas una tertulia con sus vecinos me hace recordar esa frase con acento \u201cdefe\u00f1o\u201d: \u201c\u00a1No manches! la gente anda como si nada!\u201d y confirma lo que plantea Google y su Movilidad Comunitaria.<\/p>\n\n\n\n<p>En serio que celebro la fortaleza de mi cu\u00f1ada, mi Doctora Favorita, que forma parte de ese grupo de personas que est\u00e1n expuestas, no s\u00f3lo a pacientes con Coronavirus, sino al escepticismo de mucha gente que cree que esto no es en serio\u2026 yo les digo que s\u00ed, que esto va en serio, y m\u00e1s cuando lo vivimos en casa\u2026<br><\/p>\n\n\n\n<p><a href=\"mailto:smcainito@gmail.com\" target=\"_blank\" rel=\"noreferrer noopener\">smcainito@gmail.com<\/a><\/p>\n","protected":false},"excerpt":{"rendered":"<p>Los Pol\u00edticos Salvador Mu\u00f1oz S\u00f3lo despu\u00e9s de que supo que la hermana de su amiga hab\u00eda sido contagiada de Coronavirus, cay\u00f3 ese muro de escepticismo que es capaz de generar en muchos ciudadanos la cantidad de teor\u00edas alejadas de la pandemia y que hacen que vayan por las oficinas, por las calles, por los parques, [&hellip;]<\/p>\n","protected":false},"author":1,"featured_media":387,"comment_status":"open","ping_status":"open","sticky":false,"template":"","format":"standard","meta":{"_jetpack_memberships_contains_paid_content":false,"footnotes":""},"categories":[11],"tags":[],"class_list":["post-1994","post","type-post","status-publish","format-standard","has-post-thumbnail","hentry","category-opinion"],"jetpack_featured_media_url":"https:\/\/encuentroinformativo.com.mx\/wp-content\/uploads\/2020\/03\/7CF8A22B-2764-47BE-8F7F-38FE9E5D6A2F.jpeg","jetpack_sharing_enabled":true,"jetpack_likes_enabled":true,"amp_enabled":true,"_links":{"self":[{"href":"https:\/\/encuentroinformativo.com.mx\/index.php?rest_route=\/wp\/v2\/posts\/1994","targetHints":{"allow":["GET"]}}],"collection":[{"href":"https:\/\/encuentroinformativo.com.mx\/index.php?rest_route=\/wp\/v2\/posts"}],"about":[{"href":"https:\/\/encuentroinformativo.com.mx\/index.php?rest_route=\/wp\/v2\/types\/post"}],"author":[{"embeddable":true,"href":"https:\/\/encuentroinformativo.com.mx\/index.php?rest_route=\/wp\/v2\/users\/1"}],"replies":[{"embeddable":true,"href":"https:\/\/encuentroinformativo.com.mx\/index.php?rest_route=%2Fwp%2Fv2%2Fcomments&post=1994"}],"version-history":[{"count":1,"href":"https:\/\/encuentroinformativo.com.mx\/index.php?rest_route=\/wp\/v2\/posts\/1994\/revisions"}],"predecessor-version":[{"id":1995,"href":"https:\/\/encuentroinformativo.com.mx\/index.php?rest_route=\/wp\/v2\/posts\/1994\/revisions\/1995"}],"wp:featuredmedia":[{"embeddable":true,"href":"https:\/\/encuentroinformativo.com.mx\/index.php?rest_route=\/wp\/v2\/media\/387"}],"wp:attachment":[{"href":"https:\/\/encuentroinformativo.com.mx\/index.php?rest_route=%2Fwp%2Fv2%2Fmedia&parent=1994"}],"wp:term":[{"taxonomy":"category","embeddable":true,"href":"https:\/\/encuentroinformativo.com.mx\/index.php?rest_route=%2Fwp%2Fv2%2Fcategories&post=1994"},{"taxonomy":"post_tag","embeddable":true,"href":"https:\/\/encuentroinformativo.com.mx\/index.php?rest_route=%2Fwp%2Fv2%2Ftags&post=1994"}],"curies":[{"name":"wp","href":"https:\/\/api.w.org\/{rel}","templated":true}]}}