{"id":19945,"date":"2021-11-02T15:46:37","date_gmt":"2021-11-02T21:46:37","guid":{"rendered":"https:\/\/encuentroinformativo.com.mx\/?p=19945"},"modified":"2021-11-02T15:46:41","modified_gmt":"2021-11-02T21:46:41","slug":"la-cantada-en-naolinco-fiesta-con-olor-a-cempasuchil","status":"publish","type":"post","link":"https:\/\/encuentroinformativo.com.mx\/?p=19945","title":{"rendered":"La Cantada en Naolinco, fiesta con olor a cempas\u00fachil"},"content":{"rendered":"\n<p><strong>Alejandro \u00c1vila<\/strong><\/p>\n\n\n\n<p>Naolinco, Ver.- Tras un a\u00f1o de ausencia por la semaforizaci\u00f3n de la pandemia por COVID-19, se volvi\u00f3 a realizar La Cantada en el municipio de Naolinco, un tradicional ritual que alimentan cada a\u00f1o los pobladores de la monta\u00f1osa ciudad.<\/p>\n\n\n\n<p>El panteon municipal vio nuevamente como se abrieron sus puertas para que locales y visitantes acudieran a versarle a sus residentes, difuntos que esperan cada a\u00f1o la llegada de sus familiares para que les adornen sus tumbas, canten en su honor y recuerden anecdotas juntos.<\/p>\n\n\n\n<p>El licor de uva y el de la flor de cempas\u00fachil impregnan el cementerio, de la misma manera las luces de las veladoras y el humo del incienso iluminan los caminos misticos de los difuntos que vuelven a visitar a su familia por una noche.<\/p>\n\n\n\n<p>Las calles repletas nuevamente de turistas, las casas con puertas abiertas para mostrar la forma artistica en que cada familia realiza su altar, lleno de papel picado, flores, mole, licor de uva, pan artesanal, mandarinas, entre otros elementos que realzan el festejo y la tradici\u00f3n del D\u00eda de Muertos en Naolinco.<\/p>\n\n\n\n<p>Las calles y callejones adornados de catrinas y catrines, los cantaritos repletos de licor de ca\u00f1a y la hospitalidad de su gente, enmarcan esta tradici\u00f3n en una de\u00a0 las zonas serranas de Veracruz.<\/p>\n\n\n\n<figure class=\"wp-block-image size-large\"><img loading=\"lazy\" decoding=\"async\" width=\"1024\" height=\"768\" src=\"https:\/\/encuentroinformativo.com.mx\/wp-content\/uploads\/2021\/11\/altares-Naolinco-1024x768.jpeg\" alt=\"Altares en Naolinco por tradiciones \" class=\"wp-image-19947\" srcset=\"https:\/\/encuentroinformativo.com.mx\/wp-content\/uploads\/2021\/11\/altares-Naolinco-1024x768.jpeg 1024w, https:\/\/encuentroinformativo.com.mx\/wp-content\/uploads\/2021\/11\/altares-Naolinco-300x225.jpeg 300w, https:\/\/encuentroinformativo.com.mx\/wp-content\/uploads\/2021\/11\/altares-Naolinco-768x576.jpeg 768w, https:\/\/encuentroinformativo.com.mx\/wp-content\/uploads\/2021\/11\/altares-Naolinco-1536x1153.jpeg 1536w, https:\/\/encuentroinformativo.com.mx\/wp-content\/uploads\/2021\/11\/altares-Naolinco.jpeg 1599w\" sizes=\"auto, (max-width: 1024px) 100vw, 1024px\" \/><\/figure>\n","protected":false},"excerpt":{"rendered":"<p>Alejandro \u00c1vila Naolinco, Ver.- Tras un a\u00f1o de ausencia por la semaforizaci\u00f3n de la pandemia por COVID-19, se volvi\u00f3 a realizar La Cantada en el municipio de Naolinco, un tradicional ritual que alimentan cada a\u00f1o los pobladores de la monta\u00f1osa ciudad. El panteon municipal vio nuevamente como se abrieron sus puertas para que locales y [&hellip;]<\/p>\n","protected":false},"author":2476,"featured_media":19946,"comment_status":"open","ping_status":"open","sticky":false,"template":"","format":"standard","meta":{"_jetpack_memberships_contains_paid_content":false,"footnotes":""},"categories":[8],"tags":[],"class_list":["post-19945","post","type-post","status-publish","format-standard","has-post-thumbnail","hentry","category-region"],"jetpack_featured_media_url":"https:\/\/encuentroinformativo.com.mx\/wp-content\/uploads\/2021\/11\/La-Cantada-Naolinco.jpeg","jetpack_sharing_enabled":true,"jetpack_likes_enabled":true,"amp_enabled":true,"_links":{"self":[{"href":"https:\/\/encuentroinformativo.com.mx\/index.php?rest_route=\/wp\/v2\/posts\/19945","targetHints":{"allow":["GET"]}}],"collection":[{"href":"https:\/\/encuentroinformativo.com.mx\/index.php?rest_route=\/wp\/v2\/posts"}],"about":[{"href":"https:\/\/encuentroinformativo.com.mx\/index.php?rest_route=\/wp\/v2\/types\/post"}],"author":[{"embeddable":true,"href":"https:\/\/encuentroinformativo.com.mx\/index.php?rest_route=\/wp\/v2\/users\/2476"}],"replies":[{"embeddable":true,"href":"https:\/\/encuentroinformativo.com.mx\/index.php?rest_route=%2Fwp%2Fv2%2Fcomments&post=19945"}],"version-history":[{"count":1,"href":"https:\/\/encuentroinformativo.com.mx\/index.php?rest_route=\/wp\/v2\/posts\/19945\/revisions"}],"predecessor-version":[{"id":19948,"href":"https:\/\/encuentroinformativo.com.mx\/index.php?rest_route=\/wp\/v2\/posts\/19945\/revisions\/19948"}],"wp:featuredmedia":[{"embeddable":true,"href":"https:\/\/encuentroinformativo.com.mx\/index.php?rest_route=\/wp\/v2\/media\/19946"}],"wp:attachment":[{"href":"https:\/\/encuentroinformativo.com.mx\/index.php?rest_route=%2Fwp%2Fv2%2Fmedia&parent=19945"}],"wp:term":[{"taxonomy":"category","embeddable":true,"href":"https:\/\/encuentroinformativo.com.mx\/index.php?rest_route=%2Fwp%2Fv2%2Fcategories&post=19945"},{"taxonomy":"post_tag","embeddable":true,"href":"https:\/\/encuentroinformativo.com.mx\/index.php?rest_route=%2Fwp%2Fv2%2Ftags&post=19945"}],"curies":[{"name":"wp","href":"https:\/\/api.w.org\/{rel}","templated":true}]}}