{"id":19961,"date":"2021-11-02T16:49:18","date_gmt":"2021-11-02T22:49:18","guid":{"rendered":"https:\/\/encuentroinformativo.com.mx\/?p=19961"},"modified":"2021-11-02T16:55:59","modified_gmt":"2021-11-02T22:55:59","slug":"comerciantes-reportan-bajas-ventas-en-naolinco","status":"publish","type":"post","link":"https:\/\/encuentroinformativo.com.mx\/?p=19961","title":{"rendered":"Comerciantes reportan bajas ventas en Naolinco"},"content":{"rendered":"\n<p><strong>Juan Arcos<\/strong><\/p>\n\n\n\n<p>Naolinco, Ver.- Comerciantes de calzado de Naolinco dieron a conocer que durante estos festejos de D\u00eda de Muertos y Todos Santos fue poca la afluencia de turistas en su municipio, ubicado a 32 kil\u00f3metros de Xalapa.<\/p>\n\n\n\n<p>El productor de zapatos de piel, Javier Ismael Hern\u00e1ndez Rivera, indic\u00f3 que, aunque se esperaba un mayor n\u00famero de visitantes, hubo derrama econ\u00f3mica en el pueblo.<\/p>\n\n\n\n<p>\u201cEl d\u00eda s\u00e1bado estuvo un poco tranquilo en cuanto a reactivaci\u00f3n econ\u00f3mica, el d\u00eda domingo tuvimos un poco m\u00e1s de afluencia tur\u00edstica. El d\u00eda de ayer lunes, d\u00eda primero de noviembre, no hubo la cantidad de personas que se esperaba pero s\u00ed hubo visitantes\u201d, expres\u00f3.<\/p>\n\n\n\n<p>Los vendedores est\u00e1n a la espera de que este martes lleguen personas de otras ciudades a Naolinco, para que conozcan sus productos artesanales y sus tradiciones, como \u201cLa Cantada\u201d, misma que se realiza en el pante\u00f3n municipal y en las viviendas de los pobladores.\u00a0<\/p>\n\n\n\n<p><strong>\u201cLa cantada son las alabanzas que aqu\u00ed en Naolinco se entonan en las casas, porque eso de andar tomando en las calles no va y no es parte de nuestra tradici\u00f3n. Te puedo decir que s\u00ed hubo un poco de turismo, s\u00ed se reactiv\u00f3 un poco el comercio\u201d<\/strong>, a\u00f1adi\u00f3 Hern\u00e1ndez Rivera.<\/p>\n\n\n\n<p>Los comerciantes se han visto severamente afectados por la pandemia del SARS-COV-2 (COVID-19) desde marzo del a\u00f1o pasado, cuando iniciaron los contagios y se elev\u00f3 la ocupaci\u00f3n hospitalaria en la entidad.<\/p>\n\n\n\n<p>Desde entonces, los vendedores no han logrado recuperarse econ\u00f3micamente al 100 por ciento, siendo los d\u00edas 1 y 2 de noviembre los m\u00e1s importantes en el a\u00f1o para su derrama econ\u00f3mica.\u00a0<\/p>\n\n\n\n<p>\u201cEn el sal\u00f3n Hidalgo tambi\u00e9n hubo artesanos y comerciantes de aqu\u00ed de Naolinco que hacen vinos, hacen gorros, hacen tarjeteros, hacen jabones y ellos mismos implementaron como un mercado peque\u00f1o para activar un poco la econom\u00eda de aqu\u00ed de Naolinco\u201d, mencion\u00f3 el vendedor de zapatos.<\/p>\n","protected":false},"excerpt":{"rendered":"<p>Juan Arcos Naolinco, Ver.- Comerciantes de calzado de Naolinco dieron a conocer que durante estos festejos de D\u00eda de Muertos y Todos Santos fue poca la afluencia de turistas en su municipio, ubicado a 32 kil\u00f3metros de Xalapa. El productor de zapatos de piel, Javier Ismael Hern\u00e1ndez Rivera, indic\u00f3 que, aunque se esperaba un mayor [&hellip;]<\/p>\n","protected":false},"author":2476,"featured_media":19962,"comment_status":"open","ping_status":"open","sticky":false,"template":"","format":"standard","meta":{"_jetpack_memberships_contains_paid_content":false,"footnotes":""},"categories":[8],"tags":[],"class_list":["post-19961","post","type-post","status-publish","format-standard","has-post-thumbnail","hentry","category-region"],"jetpack_featured_media_url":"https:\/\/encuentroinformativo.com.mx\/wp-content\/uploads\/2021\/11\/Calaveras-Naolinco.jpg","jetpack_sharing_enabled":true,"jetpack_likes_enabled":true,"amp_enabled":true,"_links":{"self":[{"href":"https:\/\/encuentroinformativo.com.mx\/index.php?rest_route=\/wp\/v2\/posts\/19961","targetHints":{"allow":["GET"]}}],"collection":[{"href":"https:\/\/encuentroinformativo.com.mx\/index.php?rest_route=\/wp\/v2\/posts"}],"about":[{"href":"https:\/\/encuentroinformativo.com.mx\/index.php?rest_route=\/wp\/v2\/types\/post"}],"author":[{"embeddable":true,"href":"https:\/\/encuentroinformativo.com.mx\/index.php?rest_route=\/wp\/v2\/users\/2476"}],"replies":[{"embeddable":true,"href":"https:\/\/encuentroinformativo.com.mx\/index.php?rest_route=%2Fwp%2Fv2%2Fcomments&post=19961"}],"version-history":[{"count":2,"href":"https:\/\/encuentroinformativo.com.mx\/index.php?rest_route=\/wp\/v2\/posts\/19961\/revisions"}],"predecessor-version":[{"id":19964,"href":"https:\/\/encuentroinformativo.com.mx\/index.php?rest_route=\/wp\/v2\/posts\/19961\/revisions\/19964"}],"wp:featuredmedia":[{"embeddable":true,"href":"https:\/\/encuentroinformativo.com.mx\/index.php?rest_route=\/wp\/v2\/media\/19962"}],"wp:attachment":[{"href":"https:\/\/encuentroinformativo.com.mx\/index.php?rest_route=%2Fwp%2Fv2%2Fmedia&parent=19961"}],"wp:term":[{"taxonomy":"category","embeddable":true,"href":"https:\/\/encuentroinformativo.com.mx\/index.php?rest_route=%2Fwp%2Fv2%2Fcategories&post=19961"},{"taxonomy":"post_tag","embeddable":true,"href":"https:\/\/encuentroinformativo.com.mx\/index.php?rest_route=%2Fwp%2Fv2%2Ftags&post=19961"}],"curies":[{"name":"wp","href":"https:\/\/api.w.org\/{rel}","templated":true}]}}