{"id":19973,"date":"2021-11-03T12:36:59","date_gmt":"2021-11-03T18:36:59","guid":{"rendered":"https:\/\/encuentroinformativo.com.mx\/?p=19973"},"modified":"2021-11-03T12:37:02","modified_gmt":"2021-11-03T18:37:02","slug":"acusa-suma-entrega-irregular-de-plazas-en-la-sev","status":"publish","type":"post","link":"https:\/\/encuentroinformativo.com.mx\/?p=19973","title":{"rendered":"Acusa SUMA entrega irregular de plazas en la SEV"},"content":{"rendered":"\n<p><strong>Dar\u00edo Pale<\/strong><\/p>\n\n\n\n<p>Xalapa, Ver.- La Secretaria General del Sindicato Unificador Magisterial (SUMA), Mar\u00eda Minelia C\u00f3rdoba Herrera denunci\u00f3 p\u00fablicamente la entrega de plazas de Secretar\u00eda de Educaci\u00f3n de Veracruz (SEV) de manera irregular y que si no corrigen los criterios har\u00e1n manifestaciones.<\/p>\n\n\n\n<p>En conferencia de prensa realizada en conocido caf\u00e9 del centro de Xalapa, se\u00f1alaron que iniciar\u00e1n manifestaciones y plantones en oficinas de la SEV en reclamo de las anomal\u00edas cometidas por la Oficial Mayor, Ariadna Selene Aguilar Amaya, quien ha estado otorgando plazas federalizadas a familiares de colaboradores.<\/p>\n\n\n\n<p>Se\u00f1al\u00f3 que la funcionaria est\u00e1 asignando plazas de intendencia y administrativos federalizadas a los hijos de algunos colaboradores cercanos, &#8220;propone a gente muy directa a ella y si no, les recogen la plaza, ya tenemos documentado que se le asigna a personas muy allegadas a ella. No emplea un criterio fijo y ella da las plazas a hijos de personajes que trabajan con ella&#8221;.<\/p>\n\n\n\n<p>En ese sentido, detall\u00f3 que son dos casos comprobados, una al hijo de Mar\u00eda de los \u00c1ngeles Serena Portilla, jefa del Departamento de Recursos Humanos, Rafael Yareth D\u00edaz Serena.<\/p>\n\n\n\n<p>&#8220;No podemos presentar denuncias porque de esas personas, una era de nuevo ingreso y no se puede comprobar que la plaza le correspond\u00eda, pero nosotros como sindicato tenemos la facultad de proteger y de hacer valer la petici\u00f3n del trabajador&#8221;, se\u00f1al\u00f3.<\/p>\n\n\n\n<p>El otro caso fue el de una trabajadora que falleci\u00f3 a causa de c\u00e1ncer y su hijo lleg\u00f3 a solicitar la plaza de su mam\u00e1, sin embargo, le dieron un contrato por compensaci\u00f3n, mientras que la plaza se la adjudicaron a Ra\u00fal Acosta Portilla, trabajador allegado a Aguilar Amaya.<\/p>\n\n\n\n<p>&#8220;Lamentablemente el hijo de la trabajadora fallecida no puede demandar esa plaza porque no tiene pruebas para decir que era de su madre y que le pod\u00eda corresponder&#8221;, acus\u00f3.<\/p>\n\n\n\n<p>Es por ello que enviaron oficios al Gobernador exponiendo la situaci\u00f3n y solicitando que los apoye, de lo contrario, comenzar\u00e1n a hacer manifestaciones y paros en oficinas de la dependencia estatal.<\/p>\n\n\n\n<p>Finalmente dio a conocer que, &#8220;vamos a manifestarnos, a hacer tomas de la Secretar\u00eda, a hacer esto ya m\u00e1s p\u00fablico porque no podemos hacer m\u00e1s omisa esta situaci\u00f3n, hemos sido muy prudentes, ellos nos obligan a entrar a las aulas, a contagiarnos, pues tambi\u00e9n vamos a ir a hacerles sus fiestas a la Secretar\u00eda&#8221;.<\/p>\n","protected":false},"excerpt":{"rendered":"<p>Dar\u00edo Pale Xalapa, Ver.- La Secretaria General del Sindicato Unificador Magisterial (SUMA), Mar\u00eda Minelia C\u00f3rdoba Herrera denunci\u00f3 p\u00fablicamente la entrega de plazas de Secretar\u00eda de Educaci\u00f3n de Veracruz (SEV) de manera irregular y que si no corrigen los criterios har\u00e1n manifestaciones. En conferencia de prensa realizada en conocido caf\u00e9 del centro de Xalapa, se\u00f1alaron que [&hellip;]<\/p>\n","protected":false},"author":1,"featured_media":19974,"comment_status":"open","ping_status":"open","sticky":false,"template":"","format":"standard","meta":{"_jetpack_memberships_contains_paid_content":false,"footnotes":""},"categories":[3],"tags":[],"class_list":["post-19973","post","type-post","status-publish","format-standard","has-post-thumbnail","hentry","category-xalapa"],"jetpack_featured_media_url":"https:\/\/encuentroinformativo.com.mx\/wp-content\/uploads\/2021\/11\/810C1C60-8A13-4A1A-BF8B-0A2300BC4C2F.jpeg","jetpack_sharing_enabled":true,"jetpack_likes_enabled":true,"amp_enabled":true,"_links":{"self":[{"href":"https:\/\/encuentroinformativo.com.mx\/index.php?rest_route=\/wp\/v2\/posts\/19973","targetHints":{"allow":["GET"]}}],"collection":[{"href":"https:\/\/encuentroinformativo.com.mx\/index.php?rest_route=\/wp\/v2\/posts"}],"about":[{"href":"https:\/\/encuentroinformativo.com.mx\/index.php?rest_route=\/wp\/v2\/types\/post"}],"author":[{"embeddable":true,"href":"https:\/\/encuentroinformativo.com.mx\/index.php?rest_route=\/wp\/v2\/users\/1"}],"replies":[{"embeddable":true,"href":"https:\/\/encuentroinformativo.com.mx\/index.php?rest_route=%2Fwp%2Fv2%2Fcomments&post=19973"}],"version-history":[{"count":1,"href":"https:\/\/encuentroinformativo.com.mx\/index.php?rest_route=\/wp\/v2\/posts\/19973\/revisions"}],"predecessor-version":[{"id":19975,"href":"https:\/\/encuentroinformativo.com.mx\/index.php?rest_route=\/wp\/v2\/posts\/19973\/revisions\/19975"}],"wp:featuredmedia":[{"embeddable":true,"href":"https:\/\/encuentroinformativo.com.mx\/index.php?rest_route=\/wp\/v2\/media\/19974"}],"wp:attachment":[{"href":"https:\/\/encuentroinformativo.com.mx\/index.php?rest_route=%2Fwp%2Fv2%2Fmedia&parent=19973"}],"wp:term":[{"taxonomy":"category","embeddable":true,"href":"https:\/\/encuentroinformativo.com.mx\/index.php?rest_route=%2Fwp%2Fv2%2Fcategories&post=19973"},{"taxonomy":"post_tag","embeddable":true,"href":"https:\/\/encuentroinformativo.com.mx\/index.php?rest_route=%2Fwp%2Fv2%2Ftags&post=19973"}],"curies":[{"name":"wp","href":"https:\/\/api.w.org\/{rel}","templated":true}]}}