{"id":1998,"date":"2020-04-21T12:39:31","date_gmt":"2020-04-21T17:39:31","guid":{"rendered":"https:\/\/encuentroinformativo.com\/?p=1998"},"modified":"2020-04-21T12:39:33","modified_gmt":"2020-04-21T17:39:33","slug":"foco-rojo-zona-este-en-violencia-contra-mujeres-villa-campa","status":"publish","type":"post","link":"https:\/\/encuentroinformativo.com.mx\/?p=1998","title":{"rendered":"Foco rojo, zona este en violencia contra mujeres: Villa Campa"},"content":{"rendered":"\n<p><strong>Juan Arcos<\/strong><\/p>\n\n\n\n<p>Xalapa, Ver.- La zona Este de Xalapa es un foco rojo por las constantes agresiones que se registran contra las mujeres en el \u00e1mbito del hogar.<\/p>\n\n\n\n<p>As\u00ed lo revel\u00f3 el director de la Polic\u00eda Municipal, Francisco Villa Campa, quien detall\u00f3 que el mayor n\u00famero de estos casos son atendidos en colonias como Revoluci\u00f3n y Lagunilla.<\/p>\n\n\n\n<p>El funcionario municipal dio a conocer que tambi\u00e9n se ha detectado esta violencia dom\u00e9stica en otros lugares colindantes con el municipio de Banderilla.<\/p>\n\n\n\n<p>Adem\u00e1s, confirm\u00f3 que se han incrementado los casos de violencia dom\u00e9stica, durante la contingencia sanitaria por el coronavirus.<\/p>\n\n\n\n<p>En ese sentido, indic\u00f3 que se est\u00e1 analizando la situaci\u00f3n socioecon\u00f3mica, edad y otras caracter\u00edsticas de las v\u00edctimas y los victimarios para conocer el origen del problema.<\/p>\n\n\n\n<p>\u201cEs en la zona este de la ciudad, corresponde a la Revoluci\u00f3n, La Lagunilla, m\u00e1s en la zona este, ya colindando con Banderilla. Estamos estudiando situaci\u00f3n socioecon\u00f3mica, edad, or\u00edgenes, para poder ampliar estad\u00edsticamente por donde viene este detonante\u201d, insisti\u00f3.<\/p>\n\n\n\n<p>Villa Campa detall\u00f3 que en el periodo de finales de marzo a principios de abril, al menos seis sujetos fueron detenidos por violencia dom\u00e9stica contra mujeres en las zonas mencionadas.<\/p>\n\n\n\n<p>Coment\u00f3 que se ha trabajado en coordinaci\u00f3n con el Instituto Municipal de las Mujeres de Xalapa para mejorar la atenci\u00f3n de estos casos.<\/p>\n\n\n\n<p>&#8220;S\u00ed hemos tenido alrededor de 6 puestas a disposici\u00f3n en el transcurso de finales de marzo y principios de abril por violencia dom\u00e9stica donde han golpeado a mujeres y se han detenido a masculinos que han realizado estas en su mayor\u00eda por estar bajo el influjo de bebidas alcoh\u00f3licas\u201d, culmin\u00f3.<\/p>\n","protected":false},"excerpt":{"rendered":"<p>Juan Arcos Xalapa, Ver.- La zona Este de Xalapa es un foco rojo por las constantes agresiones que se registran contra las mujeres en el \u00e1mbito del hogar. As\u00ed lo revel\u00f3 el director de la Polic\u00eda Municipal, Francisco Villa Campa, quien detall\u00f3 que el mayor n\u00famero de estos casos son atendidos en colonias como Revoluci\u00f3n [&hellip;]<\/p>\n","protected":false},"author":1,"featured_media":1728,"comment_status":"open","ping_status":"open","sticky":false,"template":"","format":"standard","meta":{"_jetpack_memberships_contains_paid_content":false,"footnotes":""},"categories":[3],"tags":[],"class_list":["post-1998","post","type-post","status-publish","format-standard","has-post-thumbnail","hentry","category-xalapa"],"jetpack_featured_media_url":"https:\/\/encuentroinformativo.com.mx\/wp-content\/uploads\/2020\/04\/A9277531-1E35-443E-BE4F-94F523FD0A72.jpeg","jetpack_sharing_enabled":true,"jetpack_likes_enabled":true,"amp_enabled":true,"_links":{"self":[{"href":"https:\/\/encuentroinformativo.com.mx\/index.php?rest_route=\/wp\/v2\/posts\/1998","targetHints":{"allow":["GET"]}}],"collection":[{"href":"https:\/\/encuentroinformativo.com.mx\/index.php?rest_route=\/wp\/v2\/posts"}],"about":[{"href":"https:\/\/encuentroinformativo.com.mx\/index.php?rest_route=\/wp\/v2\/types\/post"}],"author":[{"embeddable":true,"href":"https:\/\/encuentroinformativo.com.mx\/index.php?rest_route=\/wp\/v2\/users\/1"}],"replies":[{"embeddable":true,"href":"https:\/\/encuentroinformativo.com.mx\/index.php?rest_route=%2Fwp%2Fv2%2Fcomments&post=1998"}],"version-history":[{"count":1,"href":"https:\/\/encuentroinformativo.com.mx\/index.php?rest_route=\/wp\/v2\/posts\/1998\/revisions"}],"predecessor-version":[{"id":1999,"href":"https:\/\/encuentroinformativo.com.mx\/index.php?rest_route=\/wp\/v2\/posts\/1998\/revisions\/1999"}],"wp:featuredmedia":[{"embeddable":true,"href":"https:\/\/encuentroinformativo.com.mx\/index.php?rest_route=\/wp\/v2\/media\/1728"}],"wp:attachment":[{"href":"https:\/\/encuentroinformativo.com.mx\/index.php?rest_route=%2Fwp%2Fv2%2Fmedia&parent=1998"}],"wp:term":[{"taxonomy":"category","embeddable":true,"href":"https:\/\/encuentroinformativo.com.mx\/index.php?rest_route=%2Fwp%2Fv2%2Fcategories&post=1998"},{"taxonomy":"post_tag","embeddable":true,"href":"https:\/\/encuentroinformativo.com.mx\/index.php?rest_route=%2Fwp%2Fv2%2Ftags&post=1998"}],"curies":[{"name":"wp","href":"https:\/\/api.w.org\/{rel}","templated":true}]}}