{"id":19985,"date":"2021-11-03T14:12:18","date_gmt":"2021-11-03T20:12:18","guid":{"rendered":"https:\/\/encuentroinformativo.com.mx\/?p=19985"},"modified":"2021-11-03T14:12:21","modified_gmt":"2021-11-03T20:12:21","slug":"anuncian-feria-del-libro-xalapeno","status":"publish","type":"post","link":"https:\/\/encuentroinformativo.com.mx\/?p=19985","title":{"rendered":"Anuncian Feria del Libro Xalape\u00f1o"},"content":{"rendered":"\n<p><strong>Dar\u00edo Pale<\/strong><\/p>\n\n\n\n<p>Xalapa, Ver.- Los regidores de la Comisi\u00f3n de Bibliotecas, Fomento a la Lectura y Alfabetizaci\u00f3n, Mar\u00eda Consuelo Niembro y Francisco Javier Gonz\u00e1lez Villag\u00f3mez, acompa\u00f1ados de algunos due\u00f1os de las librer\u00edas dieron a conocer que este a\u00f1o la Feria del Libro Xalape\u00f1o denominado &#8220;Libro FloreceLee 2021&#8221;, ser\u00e1 del 5 al 15 de noviembre.<\/p>\n\n\n\n<p>En conferencia de prensa realizada en conocido caf\u00e9 del centro de Xalapa, se\u00f1alaron que del 5 al 15 de noviembre pr\u00f3ximos se llevar\u00e1 a cabo la segunda edici\u00f3n de la Feria Xalape\u00f1a del Libro FloreceLee 2021, en la plaza Lerdo, en donde se har\u00e1 un reconocimiento a la trayectoria de Esther Hern\u00e1ndez Palacios y de Germ\u00e1n Mart\u00edn Aceves, as\u00ed como un homenaje p\u00f3stumo al difusor de libros Marduk Garrido.<\/p>\n\n\n\n<p>El objetivo es difundir la palabra escrita, pero tambi\u00e9n para promover la venta de libros, adem\u00e1s de las diversas actividades que se llevar\u00e1n a cabo en diferentes espacios como bibliotecas y centros comunitarios ubicados en la periferia de la ciudad y congregaciones.<\/p>\n\n\n\n<p>Por su parte, H\u00e9ctor Leonel Reyes de los Libreros Independientes, expuso que en esta ocasi\u00f3n participar\u00e1n 20 libreros de la capital, pero resalt\u00f3 que desde que surgi\u00f3 la pandemia han buscado otras maneras de vender libros, ya sea en l\u00ednea o a trav\u00e9s del Servicio Postal Mexicano.<\/p>\n\n\n\n<p>&#8220;Los libros ya no est\u00e1n en las librer\u00edas tradicionales sino en las redes, es decir, esta edici\u00f3n de la Feria Xalape\u00f1a del Libro FloreceLee 2021 es una oportunidad de que estemos nuevamente aquellos que nos dedicamos a los libros, como promotores de la cultura, de la lectura, siempre nos hemos visto as\u00ed, no somos simples vendedores&#8221;, destac\u00f3.<\/p>\n\n\n\n<p>Asever\u00f3 que todo el tiempo hacen intercambios para destacar lo valioso que es la lectura, el bien social y cultural que representa el libro impreso frente a lo que ahora son las tecnolog\u00edas.<\/p>\n\n\n\n<p>Finalmente dio a conocer que, &#8220;todav\u00eda el libro impreso tiene mucho que dar porque la gente as\u00ed nos lo demuestra&#8221;, asever\u00f3 y dijo que la Feria ser\u00e1 en esos d\u00edas de las 10:00 a 20:00 horas en la Plaza Lerdo donde tambi\u00e9n habr\u00e1 conversatorios.<\/p>\n","protected":false},"excerpt":{"rendered":"<p>Dar\u00edo Pale Xalapa, Ver.- Los regidores de la Comisi\u00f3n de Bibliotecas, Fomento a la Lectura y Alfabetizaci\u00f3n, Mar\u00eda Consuelo Niembro y Francisco Javier Gonz\u00e1lez Villag\u00f3mez, acompa\u00f1ados de algunos due\u00f1os de las librer\u00edas dieron a conocer que este a\u00f1o la Feria del Libro Xalape\u00f1o denominado &#8220;Libro FloreceLee 2021&#8221;, ser\u00e1 del 5 al 15 de noviembre. En [&hellip;]<\/p>\n","protected":false},"author":1,"featured_media":19986,"comment_status":"open","ping_status":"open","sticky":false,"template":"","format":"standard","meta":{"_jetpack_memberships_contains_paid_content":false,"footnotes":""},"categories":[3],"tags":[],"class_list":["post-19985","post","type-post","status-publish","format-standard","has-post-thumbnail","hentry","category-xalapa"],"jetpack_featured_media_url":"https:\/\/encuentroinformativo.com.mx\/wp-content\/uploads\/2021\/11\/4F4D9AD2-5634-40E1-895D-C1BAF38165A2.jpeg","jetpack_sharing_enabled":true,"jetpack_likes_enabled":true,"amp_enabled":true,"_links":{"self":[{"href":"https:\/\/encuentroinformativo.com.mx\/index.php?rest_route=\/wp\/v2\/posts\/19985","targetHints":{"allow":["GET"]}}],"collection":[{"href":"https:\/\/encuentroinformativo.com.mx\/index.php?rest_route=\/wp\/v2\/posts"}],"about":[{"href":"https:\/\/encuentroinformativo.com.mx\/index.php?rest_route=\/wp\/v2\/types\/post"}],"author":[{"embeddable":true,"href":"https:\/\/encuentroinformativo.com.mx\/index.php?rest_route=\/wp\/v2\/users\/1"}],"replies":[{"embeddable":true,"href":"https:\/\/encuentroinformativo.com.mx\/index.php?rest_route=%2Fwp%2Fv2%2Fcomments&post=19985"}],"version-history":[{"count":1,"href":"https:\/\/encuentroinformativo.com.mx\/index.php?rest_route=\/wp\/v2\/posts\/19985\/revisions"}],"predecessor-version":[{"id":19987,"href":"https:\/\/encuentroinformativo.com.mx\/index.php?rest_route=\/wp\/v2\/posts\/19985\/revisions\/19987"}],"wp:featuredmedia":[{"embeddable":true,"href":"https:\/\/encuentroinformativo.com.mx\/index.php?rest_route=\/wp\/v2\/media\/19986"}],"wp:attachment":[{"href":"https:\/\/encuentroinformativo.com.mx\/index.php?rest_route=%2Fwp%2Fv2%2Fmedia&parent=19985"}],"wp:term":[{"taxonomy":"category","embeddable":true,"href":"https:\/\/encuentroinformativo.com.mx\/index.php?rest_route=%2Fwp%2Fv2%2Fcategories&post=19985"},{"taxonomy":"post_tag","embeddable":true,"href":"https:\/\/encuentroinformativo.com.mx\/index.php?rest_route=%2Fwp%2Fv2%2Ftags&post=19985"}],"curies":[{"name":"wp","href":"https:\/\/api.w.org\/{rel}","templated":true}]}}