{"id":19995,"date":"2021-11-03T15:22:26","date_gmt":"2021-11-03T21:22:26","guid":{"rendered":"https:\/\/encuentroinformativo.com.mx\/?p=19995"},"modified":"2021-11-03T15:22:30","modified_gmt":"2021-11-03T21:22:30","slug":"permanecen-cerradas-mas-de-10-mil-escuelas-en-veracruz","status":"publish","type":"post","link":"https:\/\/encuentroinformativo.com.mx\/?p=19995","title":{"rendered":"Permanecen cerradas m\u00e1s de 10 mil escuelas en Veracruz"},"content":{"rendered":"\n<p><strong>Juan Arcos<\/strong> <\/p>\n\n\n\n<p>Xalapa, Ver.- M\u00e1s de diez mil escuelas de Veracruz no abrieron sus puertas para el regreso a clases presenciales que se ha dado de manera escalonada desde el pasado 30 de agosto.<\/p>\n\n\n\n<p>El titular de la Secretar\u00eda de Educaci\u00f3n de Veracruz (SEV), Zenyazen Escobar Garc\u00eda, record\u00f3 que en esta entidad hay m\u00e1s de 24 mil escuelas p\u00fablicas de todos los niveles educativos.<\/p>\n\n\n\n<p>Sin embargo, los estudiantes s\u00f3lo retornaron a las aulas en el 58.4 por ciento de los planteles que se encuentran en las distintas regiones del territorio estatal.<\/p>\n\n\n\n<p>El funcionario dio a conocer que hasta el momento han sido abiertas m\u00e1s de 14 mil escuelas en la entidad para el regreso presencial.<\/p>\n\n\n\n<p>\u201cNos faltan diez mil (escuelas por abrir). Estamos avanzando en el esquema general de vacunaci\u00f3n, la mayor\u00eda de nuestro estado est\u00e1 en sem\u00e1foro epidemiol\u00f3gico color verde y con esto los filtros que se han implementado en diferentes dependencias y todo lo que se ha venido construyendo no ha ayudado\u201d, expres\u00f3.<\/p>\n\n\n\n<p>Escobar Garc\u00eda se\u00f1al\u00f3 que las clases presenciales continuar\u00e1n d\u00e1ndose de manera escalonada en la entidad por la pandemia del SARS-COV-2 (COVID-19), mediante el control del aforo en los espacios educativos.<\/p>\n\n\n\n<p>\u201cHoy nuestra sociedad ha cambiado con esta situaci\u00f3n de la pandemia, las propias clases de manera escalonada, hoy quienes est\u00e1n acudiendo a clases presenciales lo hacen de forma escalonada, en diferentes grupos, diferentes d\u00edas, diferentes horarios, no puede ser como anteriormente se hab\u00eda que regresaban todos los alumnos\u201d.<\/p>\n\n\n\n<p>El Secretario de Educaci\u00f3n en Veracruz consider\u00f3 que se ha avanzado de manera significativa en el proceso para garantizar la apertura de las 24 mil escuelas en el estado.<\/p>\n\n\n\n<p>En septiembre pasado, se dio a conocer que ser\u00edan destinados recursos econ\u00f3micos para rehabilitar m\u00e1s de 4 mil escuelas afectadas en la zona norte del estado por el paso del hurac\u00e1n \u201cGrace\u201d.<\/p>\n\n\n\n<p>Cabe recordar que tambi\u00e9n 74 escuelas registraron saqueos y robos durante el confinamiento, derivado de la emergencia sanitaria, mismas que est\u00e1n siendo intervenidas para su mejoramiento y su pr\u00f3xima apertura.<\/p>\n","protected":false},"excerpt":{"rendered":"<p>Juan Arcos Xalapa, Ver.- M\u00e1s de diez mil escuelas de Veracruz no abrieron sus puertas para el regreso a clases presenciales que se ha dado de manera escalonada desde el pasado 30 de agosto. El titular de la Secretar\u00eda de Educaci\u00f3n de Veracruz (SEV), Zenyazen Escobar Garc\u00eda, record\u00f3 que en esta entidad hay m\u00e1s de [&hellip;]<\/p>\n","protected":false},"author":1,"featured_media":19996,"comment_status":"open","ping_status":"open","sticky":false,"template":"","format":"standard","meta":{"_jetpack_memberships_contains_paid_content":false,"footnotes":""},"categories":[2],"tags":[],"class_list":["post-19995","post","type-post","status-publish","format-standard","has-post-thumbnail","hentry","category-estado"],"jetpack_featured_media_url":"https:\/\/encuentroinformativo.com.mx\/wp-content\/uploads\/2021\/11\/342110C8-67E2-4963-AF4E-35D77A203B17.jpeg","jetpack_sharing_enabled":true,"jetpack_likes_enabled":true,"amp_enabled":true,"_links":{"self":[{"href":"https:\/\/encuentroinformativo.com.mx\/index.php?rest_route=\/wp\/v2\/posts\/19995","targetHints":{"allow":["GET"]}}],"collection":[{"href":"https:\/\/encuentroinformativo.com.mx\/index.php?rest_route=\/wp\/v2\/posts"}],"about":[{"href":"https:\/\/encuentroinformativo.com.mx\/index.php?rest_route=\/wp\/v2\/types\/post"}],"author":[{"embeddable":true,"href":"https:\/\/encuentroinformativo.com.mx\/index.php?rest_route=\/wp\/v2\/users\/1"}],"replies":[{"embeddable":true,"href":"https:\/\/encuentroinformativo.com.mx\/index.php?rest_route=%2Fwp%2Fv2%2Fcomments&post=19995"}],"version-history":[{"count":1,"href":"https:\/\/encuentroinformativo.com.mx\/index.php?rest_route=\/wp\/v2\/posts\/19995\/revisions"}],"predecessor-version":[{"id":19997,"href":"https:\/\/encuentroinformativo.com.mx\/index.php?rest_route=\/wp\/v2\/posts\/19995\/revisions\/19997"}],"wp:featuredmedia":[{"embeddable":true,"href":"https:\/\/encuentroinformativo.com.mx\/index.php?rest_route=\/wp\/v2\/media\/19996"}],"wp:attachment":[{"href":"https:\/\/encuentroinformativo.com.mx\/index.php?rest_route=%2Fwp%2Fv2%2Fmedia&parent=19995"}],"wp:term":[{"taxonomy":"category","embeddable":true,"href":"https:\/\/encuentroinformativo.com.mx\/index.php?rest_route=%2Fwp%2Fv2%2Fcategories&post=19995"},{"taxonomy":"post_tag","embeddable":true,"href":"https:\/\/encuentroinformativo.com.mx\/index.php?rest_route=%2Fwp%2Fv2%2Ftags&post=19995"}],"curies":[{"name":"wp","href":"https:\/\/api.w.org\/{rel}","templated":true}]}}