{"id":19999,"date":"2021-11-03T16:50:18","date_gmt":"2021-11-03T22:50:18","guid":{"rendered":"https:\/\/encuentroinformativo.com.mx\/?p=19999"},"modified":"2021-11-03T16:50:21","modified_gmt":"2021-11-03T22:50:21","slug":"confian-en-reactivar-economia-con-festival-de-la-cerveza-en-orizaba","status":"publish","type":"post","link":"https:\/\/encuentroinformativo.com.mx\/?p=19999","title":{"rendered":"Conf\u00edan en reactivar econom\u00eda con Festival de la Cerveza en Orizaba"},"content":{"rendered":"\n<p><strong>Dar\u00edo Pale<\/strong><\/p>\n\n\n\n<p>Xalapa,  Ver.- Dan a conocer la realizaci\u00f3n de la sexta edici\u00f3n del <em>Beer Fest<\/em> a realizarse en Orizaba el cual se realizar\u00e1 del 17 al 21 de noviembre, ya que en esta ocasi\u00f3n durar\u00e1 cinco d\u00edas uno m\u00e1s que en a\u00f1os pasados, con lo cual esperan reactivar la econom\u00eda del municipio.<\/p>\n\n\n\n<p>En conferencia de prensa realizada en conocido caf\u00e9 del centro de Xalapa, Jos\u00e9 Manuel Acuma y Hector Sarmiento del ayuntamiento de Orizaba comentaron que la feria de la cerveza es el m\u00e1s grande que se realiza a nivel estado y est\u00e1n contentos ya que participar\u00e1n varios estados.<\/p>\n\n\n\n<p>El evento se realizar\u00e1 en el Foro Orizaba de las 12 del d\u00eda hasta las 10 de la noche que se cierra la taquilla pero continuar\u00e1 en el interior la festividad por dos horas m\u00e1s y donde habr\u00e1 m\u00e1s de 500 cervezas artesanales al igual que diferentes alimentos.<\/p>\n\n\n\n<p>Comentaron que debido a la pandemia tuvieron que bajar su aforo en un 30 por ciento, adem\u00e1s de que contar\u00e1n con todas las medidas de sanidad como son la sana distancia, arcos para desinfectar a las personas que ingresen, adem\u00e1s de que estar\u00e1n tomando la temperatura y les est\u00e1n solicitando que utilicen cubrebocas.<\/p>\n\n\n\n<p>Tambi\u00e9n para que pueda  acceder les van a solicitar su certificado de vacunaci\u00f3n y quienes solo tengan una aplicaci\u00f3n deber\u00e1n de presentar su documento.<\/p>\n\n\n\n<p>Se presentar\u00e1n cuatro vocalistas adem\u00e1s de otros grupos, reiter\u00f3 que son m\u00e1s de 500 etiquetas de cerveza que se presentar\u00e1n donde hay de chocolate, miel entre otros estilos, vienen expositores de Monyterrey, Quer\u00e9taro, M\u00e9xico, Tlaxcala, Puebla y Veracruz.<\/p>\n\n\n\n<p>Dio a conocer que debido a que en d\u00edas pasados se realiz\u00f3 un encuentro internacional de la danza donde tuvieron el cien por ciento de ocupaci\u00f3n en los hoteles adem\u00e1s de un desfile de &#8220;todos para el pante\u00f3n&#8221;, donde arribaron cerca de 45 mil personas.<\/p>\n\n\n\n<p>Finalmente se\u00f1al\u00f3 que gracias a la reactivaci\u00f3n econ\u00f3mica que se est\u00e1 dando est\u00e1n por abrir sus puertas tres nuevos hoteles para que se pueda generar m\u00e1s empleo y reactivar la aliviada econ\u00f3mica de la zona.<\/p>\n","protected":false},"excerpt":{"rendered":"<p>Dar\u00edo Pale Xalapa, Ver.- Dan a conocer la realizaci\u00f3n de la sexta edici\u00f3n del Beer Fest a realizarse en Orizaba el cual se realizar\u00e1 del 17 al 21 de noviembre, ya que en esta ocasi\u00f3n durar\u00e1 cinco d\u00edas uno m\u00e1s que en a\u00f1os pasados, con lo cual esperan reactivar la econom\u00eda del municipio. En conferencia [&hellip;]<\/p>\n","protected":false},"author":1,"featured_media":20000,"comment_status":"open","ping_status":"open","sticky":false,"template":"","format":"standard","meta":{"_jetpack_memberships_contains_paid_content":false,"footnotes":""},"categories":[2],"tags":[],"class_list":["post-19999","post","type-post","status-publish","format-standard","has-post-thumbnail","hentry","category-estado"],"jetpack_featured_media_url":"https:\/\/encuentroinformativo.com.mx\/wp-content\/uploads\/2021\/11\/45F7269D-B881-486E-8540-F103700E7C18.jpeg","jetpack_sharing_enabled":true,"jetpack_likes_enabled":true,"amp_enabled":true,"_links":{"self":[{"href":"https:\/\/encuentroinformativo.com.mx\/index.php?rest_route=\/wp\/v2\/posts\/19999","targetHints":{"allow":["GET"]}}],"collection":[{"href":"https:\/\/encuentroinformativo.com.mx\/index.php?rest_route=\/wp\/v2\/posts"}],"about":[{"href":"https:\/\/encuentroinformativo.com.mx\/index.php?rest_route=\/wp\/v2\/types\/post"}],"author":[{"embeddable":true,"href":"https:\/\/encuentroinformativo.com.mx\/index.php?rest_route=\/wp\/v2\/users\/1"}],"replies":[{"embeddable":true,"href":"https:\/\/encuentroinformativo.com.mx\/index.php?rest_route=%2Fwp%2Fv2%2Fcomments&post=19999"}],"version-history":[{"count":1,"href":"https:\/\/encuentroinformativo.com.mx\/index.php?rest_route=\/wp\/v2\/posts\/19999\/revisions"}],"predecessor-version":[{"id":20001,"href":"https:\/\/encuentroinformativo.com.mx\/index.php?rest_route=\/wp\/v2\/posts\/19999\/revisions\/20001"}],"wp:featuredmedia":[{"embeddable":true,"href":"https:\/\/encuentroinformativo.com.mx\/index.php?rest_route=\/wp\/v2\/media\/20000"}],"wp:attachment":[{"href":"https:\/\/encuentroinformativo.com.mx\/index.php?rest_route=%2Fwp%2Fv2%2Fmedia&parent=19999"}],"wp:term":[{"taxonomy":"category","embeddable":true,"href":"https:\/\/encuentroinformativo.com.mx\/index.php?rest_route=%2Fwp%2Fv2%2Fcategories&post=19999"},{"taxonomy":"post_tag","embeddable":true,"href":"https:\/\/encuentroinformativo.com.mx\/index.php?rest_route=%2Fwp%2Fv2%2Ftags&post=19999"}],"curies":[{"name":"wp","href":"https:\/\/api.w.org\/{rel}","templated":true}]}}