{"id":200,"date":"2020-02-27T17:20:17","date_gmt":"2020-02-27T23:20:17","guid":{"rendered":"https:\/\/encuentroinformativodotcomdotmx.wordpress.com\/2020\/02\/27\/en-riesgo-participacion-de-atletas-veracruzanos-culpan-al-ivd\/"},"modified":"2020-02-27T17:20:17","modified_gmt":"2020-02-27T23:20:17","slug":"en-riesgo-participacion-de-atletas-veracruzanos-culpan-al-ivd","status":"publish","type":"post","link":"https:\/\/encuentroinformativo.com.mx\/?p=200","title":{"rendered":"En riesgo participaci\u00f3n de atletas veracruzanos, culpan al IVD"},"content":{"rendered":"\n<figure class=\"wp-block-image size-large\"><img loading=\"lazy\" decoding=\"async\" width=\"2016\" height=\"1512\" src=\"https:\/\/encuentroinformativo.com.mx\/wp-content\/uploads\/2020\/02\/img_7851.jpg?w=1024\" alt=\"\" class=\"wp-image-199\" srcset=\"https:\/\/encuentroinformativo.com.mx\/wp-content\/uploads\/2020\/02\/img_7851.jpg 2016w, https:\/\/encuentroinformativo.com.mx\/wp-content\/uploads\/2020\/02\/img_7851-300x225.jpg 300w, https:\/\/encuentroinformativo.com.mx\/wp-content\/uploads\/2020\/02\/img_7851-1024x768.jpg 1024w, https:\/\/encuentroinformativo.com.mx\/wp-content\/uploads\/2020\/02\/img_7851-768x576.jpg 768w, https:\/\/encuentroinformativo.com.mx\/wp-content\/uploads\/2020\/02\/img_7851-1536x1152.jpg 1536w, https:\/\/encuentroinformativo.com.mx\/wp-content\/uploads\/2020\/02\/img_7851-1200x900.jpg 1200w, https:\/\/encuentroinformativo.com.mx\/wp-content\/uploads\/2020\/02\/img_7851-1980x1485.jpg 1980w\" sizes=\"auto, (max-width: 2016px) 100vw, 2016px\" \/><\/figure>\n\n\n\n<p><strong>Juan Arcos\/Dar\u00edo Pale <\/strong><\/p>\n\n\n\n<p>Xalapa, Ver.- Est\u00e1 en riesgo la participaci\u00f3n de 17 atletas de lucha ol\u00edmpica de Xalapa y Coatepec en el campeonato regional por omisiones del Instituto Veracruzano del Deporte (IVD).<\/p>\n\n\n\n<p>Los deportistas protestaron esta tarde frente a Palacio de Gobierno para exigir al IVD que entregue los resultados y la documentaci\u00f3n correspondiente.<\/p>\n\n\n\n<p>De acuerdo con la entrenadora del club de lucha ol\u00edmpica &#8220;Yaocihuatl&#8221;, Bel\u00e9n Godos Moctezuma, los resultados deben ser mostrados para poder obtener los pases a la siguiente fase.<\/p>\n\n\n\n<p>La justa regional tendr\u00e1 lugar en el estado de Campeche, del 19 al 22 de marzo.<\/p>\n\n\n\n<p>La entrevistada indic\u00f3 que ya han pasado m\u00e1s de dos meses y el IVD no ha entregado las calificaciones para que los atletas puedan inscribirse.<\/p>\n\n\n\n<p>En ese sentido, pidi\u00f3 al director del IVD, V\u00edctor Iv\u00e1n Dom\u00ednguez Guerrero, que agilice lo tr\u00e1mites.<\/p>\n\n\n\n<p>Se trata de los deportistas de tres grupos de lucha ol\u00edmpica que est\u00e1n siendo afectados.<\/p>\n\n\n\n<p>\u201cTenemos evidencias de que participamos. Somos de Coatepec y de Xalapa. Somos tres equipos. Nos est\u00e1n limitando a los j\u00f3venes que ya se ganaron\u201d, enfatiz\u00f3 la mujer.<\/p>\n\n\n\n<p>Por su parte Oscar Aguilar Hern\u00e1ndez, entrenador del club Aztecas dijo que son 17 los j\u00f3venes que calificaron para dichos campeonatos, sin embargo, la Asociaci\u00f3n de Lucha Ol\u00edmpica habr\u00eda adelantado el evento regional donde calificar\u00edan &#8220;con el objetivo de dejar fuera a los alumnos&#8221;.<\/p>\n\n\n\n<p>Por lo anterior acusaron que dicha asociaci\u00f3n no ha dado a conocer la lista de los atletas que podr\u00edan participar y que el IVD no los ha registrado hasta ahora en el Sistema de Eventos Deportivos, sitio de internet de la CONADE.<\/p>\n\n\n\n<p>\u201cEl encargado de inscribir a los alumnos es el Instituto Veracruzano del Deporte, no la asociaci\u00f3n, ahorita el Instituto lo que est\u00e1 haciendo es cargarse un poco del lado de la asociaci\u00f3n&#8221; se\u00f1al\u00f3. <\/p>\n\n\n\n<p><\/p>\n","protected":false},"excerpt":{"rendered":"<p>Juan Arcos\/Dar\u00edo Pale Xalapa, Ver.- Est\u00e1 en riesgo la participaci\u00f3n de 17 atletas de lucha ol\u00edmpica de Xalapa y Coatepec en el campeonato regional por omisiones del Instituto Veracruzano del Deporte (IVD). Los deportistas protestaron esta tarde frente a Palacio de Gobierno para exigir al IVD que entregue los resultados y la documentaci\u00f3n correspondiente. De [&hellip;]<\/p>\n","protected":false},"author":1,"featured_media":198,"comment_status":"open","ping_status":"open","sticky":false,"template":"","format":"standard","meta":{"_jetpack_memberships_contains_paid_content":false,"footnotes":""},"categories":[3],"tags":[],"class_list":["post-200","post","type-post","status-publish","format-standard","has-post-thumbnail","hentry","category-xalapa"],"jetpack_featured_media_url":"https:\/\/encuentroinformativo.com.mx\/wp-content\/uploads\/2020\/02\/c49279e4-1e20-4bad-8a3c-0d6bfb82f45d.jpg","jetpack_sharing_enabled":true,"jetpack_likes_enabled":true,"amp_enabled":true,"_links":{"self":[{"href":"https:\/\/encuentroinformativo.com.mx\/index.php?rest_route=\/wp\/v2\/posts\/200","targetHints":{"allow":["GET"]}}],"collection":[{"href":"https:\/\/encuentroinformativo.com.mx\/index.php?rest_route=\/wp\/v2\/posts"}],"about":[{"href":"https:\/\/encuentroinformativo.com.mx\/index.php?rest_route=\/wp\/v2\/types\/post"}],"author":[{"embeddable":true,"href":"https:\/\/encuentroinformativo.com.mx\/index.php?rest_route=\/wp\/v2\/users\/1"}],"replies":[{"embeddable":true,"href":"https:\/\/encuentroinformativo.com.mx\/index.php?rest_route=%2Fwp%2Fv2%2Fcomments&post=200"}],"version-history":[{"count":0,"href":"https:\/\/encuentroinformativo.com.mx\/index.php?rest_route=\/wp\/v2\/posts\/200\/revisions"}],"wp:featuredmedia":[{"embeddable":true,"href":"https:\/\/encuentroinformativo.com.mx\/index.php?rest_route=\/wp\/v2\/media\/198"}],"wp:attachment":[{"href":"https:\/\/encuentroinformativo.com.mx\/index.php?rest_route=%2Fwp%2Fv2%2Fmedia&parent=200"}],"wp:term":[{"taxonomy":"category","embeddable":true,"href":"https:\/\/encuentroinformativo.com.mx\/index.php?rest_route=%2Fwp%2Fv2%2Fcategories&post=200"},{"taxonomy":"post_tag","embeddable":true,"href":"https:\/\/encuentroinformativo.com.mx\/index.php?rest_route=%2Fwp%2Fv2%2Ftags&post=200"}],"curies":[{"name":"wp","href":"https:\/\/api.w.org\/{rel}","templated":true}]}}