{"id":2000,"date":"2020-04-21T13:19:23","date_gmt":"2020-04-21T18:19:23","guid":{"rendered":"https:\/\/encuentroinformativo.com\/?p=2000"},"modified":"2020-04-21T13:19:54","modified_gmt":"2020-04-21T18:19:54","slug":"rechaza-pan-aprobacion-de-ley-de-amnistia","status":"publish","type":"post","link":"https:\/\/encuentroinformativo.com.mx\/?p=2000","title":{"rendered":"Rechaza PAN aprobaci\u00f3n de Ley de Amnist\u00eda"},"content":{"rendered":"\n<p><strong>Juan Arcos<\/strong> <\/p>\n\n\n\n<p>Xalapa, Ver.- El senador Julen Rementer\u00eda del Puerto reprob\u00f3 que el gobierno de Morena decida liberar delincuentes con la Ley de Amnist\u00eda y no aprobar un plan de recuperaci\u00f3n econ\u00f3mica para el pa\u00eds.<\/p>\n\n\n\n<p>El Legislador del Partido Acci\u00f3n Nacional (PAN) se\u00f1al\u00f3 que la Ley de Amnist\u00eda tiene el objetivo de preliberar a presos de los centros penitenciarios del pa\u00eds como \u201cacto humanitario\u201d y \u201cevitar\u201d contagios masivos de COVID-19 al interior de los reclusorios.<\/p>\n\n\n\n<p>Dicho dictamen fue aprobado en lo general con 68 votos a favor, 14 en contra y dos abstenciones, y en lo particular, con 63 votos a favor, 12 en contra y tres abstenciones.<\/p>\n\n\n\n<p>A juicio de Rementer\u00eda del Puerto, el grupo mayoritario de Morena y los partidos aliados PT, PES y el Verde Ecologista en ning\u00fan momento se pronunciaron por las empresas que han perdido su capital y la p\u00e9rdida de empleos por la contingencia sanitaria.<\/p>\n\n\n\n<p>\u201cLo que se vio en el senado fue algo que da verg\u00fcenza, lo que se vio fue la instrucci\u00f3n de quien parece el patr\u00f3n de los senadores de Morena y sus aliados, y no como debiera ser, del pueblo que tanto evocan, y de la ciudadan\u00eda que necesita apoyos. No hubo ni una sola palabra para las empresas que est\u00e1n perdiendo su capital, mismo que provoca la p\u00e9rdida de empleos a causa de la contingencia sanitaria\u201d.<\/p>\n\n\n\n<p>Record\u00f3 que antes de que iniciara la sesi\u00f3n, su grupo parlamentario solicit\u00f3 se incluyera en el orden del d\u00eda la propuesta de Ley de Emergencia y Recuperaci\u00f3n Econ\u00f3mica, mismo que fue ignorado por el grupo de Morena.<\/p>\n\n\n\n<p>\u201cSe hubiera aprovechado para dar soluciones que necesita el pa\u00eds, antes que la Ley de Amnist\u00eda, se hubiera invocado a un acuerdo nacional, para la recuperaci\u00f3n econ\u00f3mica, porque un problema muy serio para el pa\u00eds, pero no hubo menci\u00f3n, ni una sola palabra para las empresas que est\u00e1n perdiendo su capital, mismo que provoca la p\u00e9rdida de empleos, o para ayudar a los millones de mexicanos que est\u00e1n sufriendo por esta crisis\u201d, enfatiz\u00f3.<\/p>\n\n\n\n<p>Cabe destacar que con esta ley ser\u00e1n amnistiados: mujeres procesadas o sentenciadas en tribunales federales por aborto, personas obligadas a participar en delitos contra la salud por sus condiciones de pobreza o por el crimen organizado y ciudadanos que portaban dosis peque\u00f1as de drogas sin fines comerciales.<\/p>\n\n\n\n<p>El Senador refiri\u00f3 que con la aprobaci\u00f3n de esta ley y la situaci\u00f3n sanitaria que atraviesa el pa\u00eds, las personas que ser\u00e1n preliberadas se sumar\u00e1n a la cifra de desempleados.<\/p>\n\n\n\n<p>\u201cTenemos que a estas personas que salen, no les acompa\u00f1a un buen perfil, o una buena reputaci\u00f3n y no tendr\u00edan la posibilidad de encontrar un trabajo pronto, no quiero decir que no haya qui\u00e9n merece ser libre y est\u00e9 en la c\u00e1rcel de manera injusta, pero seguramente se va a liberar a quien no merezca estar en la calle\u201d, remat\u00f3.<\/p>\n\n\n\n<p><\/p>\n","protected":false},"excerpt":{"rendered":"<p>Juan Arcos Xalapa, Ver.- El senador Julen Rementer\u00eda del Puerto reprob\u00f3 que el gobierno de Morena decida liberar delincuentes con la Ley de Amnist\u00eda y no aprobar un plan de recuperaci\u00f3n econ\u00f3mica para el pa\u00eds. El Legislador del Partido Acci\u00f3n Nacional (PAN) se\u00f1al\u00f3 que la Ley de Amnist\u00eda tiene el objetivo de preliberar a presos [&hellip;]<\/p>\n","protected":false},"author":1,"featured_media":2001,"comment_status":"open","ping_status":"open","sticky":false,"template":"","format":"standard","meta":{"_jetpack_memberships_contains_paid_content":false,"footnotes":""},"categories":[12],"tags":[],"class_list":["post-2000","post","type-post","status-publish","format-standard","has-post-thumbnail","hentry","category-nacional"],"jetpack_featured_media_url":"https:\/\/encuentroinformativo.com.mx\/wp-content\/uploads\/2020\/04\/F528F7AC-1EAC-48FD-A49B-1A49B9917D5B.jpeg","jetpack_sharing_enabled":true,"jetpack_likes_enabled":true,"amp_enabled":true,"_links":{"self":[{"href":"https:\/\/encuentroinformativo.com.mx\/index.php?rest_route=\/wp\/v2\/posts\/2000","targetHints":{"allow":["GET"]}}],"collection":[{"href":"https:\/\/encuentroinformativo.com.mx\/index.php?rest_route=\/wp\/v2\/posts"}],"about":[{"href":"https:\/\/encuentroinformativo.com.mx\/index.php?rest_route=\/wp\/v2\/types\/post"}],"author":[{"embeddable":true,"href":"https:\/\/encuentroinformativo.com.mx\/index.php?rest_route=\/wp\/v2\/users\/1"}],"replies":[{"embeddable":true,"href":"https:\/\/encuentroinformativo.com.mx\/index.php?rest_route=%2Fwp%2Fv2%2Fcomments&post=2000"}],"version-history":[{"count":1,"href":"https:\/\/encuentroinformativo.com.mx\/index.php?rest_route=\/wp\/v2\/posts\/2000\/revisions"}],"predecessor-version":[{"id":2002,"href":"https:\/\/encuentroinformativo.com.mx\/index.php?rest_route=\/wp\/v2\/posts\/2000\/revisions\/2002"}],"wp:featuredmedia":[{"embeddable":true,"href":"https:\/\/encuentroinformativo.com.mx\/index.php?rest_route=\/wp\/v2\/media\/2001"}],"wp:attachment":[{"href":"https:\/\/encuentroinformativo.com.mx\/index.php?rest_route=%2Fwp%2Fv2%2Fmedia&parent=2000"}],"wp:term":[{"taxonomy":"category","embeddable":true,"href":"https:\/\/encuentroinformativo.com.mx\/index.php?rest_route=%2Fwp%2Fv2%2Fcategories&post=2000"},{"taxonomy":"post_tag","embeddable":true,"href":"https:\/\/encuentroinformativo.com.mx\/index.php?rest_route=%2Fwp%2Fv2%2Ftags&post=2000"}],"curies":[{"name":"wp","href":"https:\/\/api.w.org\/{rel}","templated":true}]}}