{"id":20002,"date":"2021-11-03T17:24:46","date_gmt":"2021-11-03T23:24:46","guid":{"rendered":"https:\/\/encuentroinformativo.com.mx\/?p=20002"},"modified":"2021-11-03T17:24:49","modified_gmt":"2021-11-03T23:24:49","slug":"reanudaran-conciertos-en-world-trade-center-de-boca-del-rio","status":"publish","type":"post","link":"https:\/\/encuentroinformativo.com.mx\/?p=20002","title":{"rendered":"Reanudar\u00e1n conciertos en World Trade Center de Boca del R\u00edo"},"content":{"rendered":"\n<p><strong>Alejandro \u00c1vila<\/strong><\/p>\n\n\n\n<p>Boca del R\u00edo, Ver.- La actividad art\u00edstica  m\u00fasical va tomando forma y adem\u00e1s del pr\u00f3ximo concierto de Alejandro Fern\u00e1ndez el 17 de en el World Trade Center de Boca del R\u00edo, este recinto tambi\u00e9n recibir\u00e1 el regreso del 90\u00b4s Pop Tour el 2 de diciembre.<\/p>\n\n\n\n<p>Este evento contar\u00e1 con la presencia de los grupos Kabah, JNS, Magneto, Sentidos Opuestos, Benny Ibarra, Lynda, Erik Rubin y Ana Torroja.<\/p>\n\n\n\n<p>Este miercoles 3 de noviembre se llev\u00f3 a cabo la conferencia de prensa que tuvo la presencia de El\u00edas del grupo Magneto, Sergio del grupo Kabah y Ari Borovoy, quienes confirmaron el concierto que tendr\u00e1 una duraci\u00f3n aproximada de cuatro horas, con 58 canciones y escenario de 360 grados.<\/p>\n\n\n\n<p>Despu\u00e9s de todas sus presentaciones agotadas en ambas arenas de nuestro pa\u00eds, as\u00ed como en el WTC Veracruz, &#8220;la m\u00e1quina del tiempo&#8221; regresa m\u00e1s fuerte que nunca, se\u00f1alaron los cantantes.<\/p>\n\n\n\n<p>El concierto 90\u00b4s Pop Tour se presenta el jueves 2 de diciembre en el World Trade Center de Boca del R\u00edo y los boletos se podr\u00e1n adquirir en&nbsp;www.superboletos.com<\/p>\n\n\n\n<p>Este evento supone un repunte en reservaciones hoteleras, pues se esperan visitantes de otros municipios, con lo que se busca reactivar la econom\u00eda de los prestadores de servicios turisticos, misma que fue afectada durante la pandemia.<\/p>\n","protected":false},"excerpt":{"rendered":"<p>Alejandro \u00c1vila Boca del R\u00edo, Ver.- La actividad art\u00edstica m\u00fasical va tomando forma y adem\u00e1s del pr\u00f3ximo concierto de Alejandro Fern\u00e1ndez el 17 de en el World Trade Center de Boca del R\u00edo, este recinto tambi\u00e9n recibir\u00e1 el regreso del 90\u00b4s Pop Tour el 2 de diciembre. Este evento contar\u00e1 con la presencia de los [&hellip;]<\/p>\n","protected":false},"author":1,"featured_media":20003,"comment_status":"open","ping_status":"open","sticky":false,"template":"","format":"standard","meta":{"_jetpack_memberships_contains_paid_content":false,"footnotes":""},"categories":[2],"tags":[],"class_list":["post-20002","post","type-post","status-publish","format-standard","has-post-thumbnail","hentry","category-estado"],"jetpack_featured_media_url":"https:\/\/encuentroinformativo.com.mx\/wp-content\/uploads\/2021\/11\/B25391E4-3BC9-4D01-8272-52E7BCDBF527.jpeg","jetpack_sharing_enabled":true,"jetpack_likes_enabled":true,"amp_enabled":true,"_links":{"self":[{"href":"https:\/\/encuentroinformativo.com.mx\/index.php?rest_route=\/wp\/v2\/posts\/20002","targetHints":{"allow":["GET"]}}],"collection":[{"href":"https:\/\/encuentroinformativo.com.mx\/index.php?rest_route=\/wp\/v2\/posts"}],"about":[{"href":"https:\/\/encuentroinformativo.com.mx\/index.php?rest_route=\/wp\/v2\/types\/post"}],"author":[{"embeddable":true,"href":"https:\/\/encuentroinformativo.com.mx\/index.php?rest_route=\/wp\/v2\/users\/1"}],"replies":[{"embeddable":true,"href":"https:\/\/encuentroinformativo.com.mx\/index.php?rest_route=%2Fwp%2Fv2%2Fcomments&post=20002"}],"version-history":[{"count":1,"href":"https:\/\/encuentroinformativo.com.mx\/index.php?rest_route=\/wp\/v2\/posts\/20002\/revisions"}],"predecessor-version":[{"id":20004,"href":"https:\/\/encuentroinformativo.com.mx\/index.php?rest_route=\/wp\/v2\/posts\/20002\/revisions\/20004"}],"wp:featuredmedia":[{"embeddable":true,"href":"https:\/\/encuentroinformativo.com.mx\/index.php?rest_route=\/wp\/v2\/media\/20003"}],"wp:attachment":[{"href":"https:\/\/encuentroinformativo.com.mx\/index.php?rest_route=%2Fwp%2Fv2%2Fmedia&parent=20002"}],"wp:term":[{"taxonomy":"category","embeddable":true,"href":"https:\/\/encuentroinformativo.com.mx\/index.php?rest_route=%2Fwp%2Fv2%2Fcategories&post=20002"},{"taxonomy":"post_tag","embeddable":true,"href":"https:\/\/encuentroinformativo.com.mx\/index.php?rest_route=%2Fwp%2Fv2%2Ftags&post=20002"}],"curies":[{"name":"wp","href":"https:\/\/api.w.org\/{rel}","templated":true}]}}