{"id":20008,"date":"2021-11-04T09:29:26","date_gmt":"2021-11-04T15:29:26","guid":{"rendered":"https:\/\/encuentroinformativo.com.mx\/?p=20008"},"modified":"2021-11-04T09:29:30","modified_gmt":"2021-11-04T15:29:30","slug":"chismes-del-congreso","status":"publish","type":"post","link":"https:\/\/encuentroinformativo.com.mx\/?p=20008","title":{"rendered":"Chismes del Congreso"},"content":{"rendered":"\n<p><strong>Los Pol\u00edticos<\/strong><\/p>\n\n\n\n<p><strong>Salvador Mu\u00f1oz<\/strong><\/p>\n\n\n\n<p>Este viernes han de rendir protesta los nuevos integrantes de la LXVI Legislatura y alrededor de sus nuevos diputados, ya se empiezan a entretejer historias\u2026<\/p>\n\n\n\n<p>Por ejemplo, la comidilla en Misantla era el anuncio que daba el hasta ayer presidente municipal de la Se\u00f1orial, Oth\u00f3n Hern\u00e1ndez Candanedo: \u00a1Su separaci\u00f3n!<\/p>\n\n\n\n<p>\u201cQuiero informarles que he solicitado licencia para separarme\u2026\u201d \u00a1Qu\u00e9ee! \u201cde la Presidencia Municipal\u201d \u00a1Aaah!<\/p>\n\n\n\n<p>Y mientras as\u00ed se las gastan en Misantla, ac\u00e1 en Xalapa dicen que Oth\u00f3n ha de recibir la estafeta por parte de su hija, Marigraz Hern\u00e1ndez \u00cd\u00f1iguez, aunque siendo exquisitos, podr\u00edamos estar hablando de un error de percepci\u00f3n: La Belinda del Congreso (como se le conoce a su hija) lleg\u00f3 por la v\u00eda plurinominal, don Oth\u00f3n, con votos.<\/p>\n\n\n\n<p>Ya para rematar el asunto del diputado por Misantla, dicen que si el PAN tuvo en Delf\u00edn Cano a su Dipu Tito, con Hern\u00e1ndez Candanedo tendr\u00e1 a su Dipu Oth\u00f3n!<\/p>\n\n\n\n<p><strong>II<\/strong><\/p>\n\n\n\n<p>Se nos pasaba el dato de que el distrito de Misantla era del PT, ganado por Erik Iv\u00e1n Aguilar L\u00f3pez, el famoso Diputaco, quien desde que lleg\u00f3 hasta que sali\u00f3 del Congreso siempre dio de qu\u00e9 hablar\u2026<\/p>\n\n\n\n<p>Por ejemplo, se recuerda que Aguilar L\u00f3pez lleg\u00f3 con mariachis cantando a todo pulm\u00f3n unas cuantas rancheras, en especial una de Jos\u00e9 Alfredo Jim\u00e9nez, \u201cGracias\u201d, a la que le modific\u00f3 un poco la letra pidiendo que lo quisieran a \u00e9l \u201cy a todas sus acciones\u201d y rematando su concierto legislativo dedic\u00e1ndole Las Golondrinas al entonces Gobernador Miguel \u00c1ngel Yunes Linares. D\u00edas antes, durante la toma del Congreso que protagonizaron los morenos, Aguilar L\u00f3pez vacilaba a algunos de sus compa\u00f1eros diciendo que una de sus iniciativas ser\u00eda eliminar los tacos en Veracruz para hacerlo un Estado \u201cdestacado\u201d.<\/p>\n\n\n\n<p>Otro pintoresco diputado de otra Legislatura fue Renato Tronco G\u00f3mez, quien montado en Tentaci\u00f3n, su caballo, lleg\u00f3 a tomar protesta. Su propuesta esa ocasi\u00f3n era dejar de pagar jardiner\u00eda y que sus caballos pastaran en las \u00e1reas verdes del Palacio de Encanto.<\/p>\n\n\n\n<p>Hoy, el color dicen que lo pondr\u00e1 el diputado Gonzalo Dur\u00e1n Chincoya\u2026<\/p>\n\n\n\n<p>Dicen que ha invitado a todos sus amigos, amigas, amigues y amiguis para su toma de protesta como Diputade.<\/p>\n\n\n\n<p><strong>III<\/strong><\/p>\n\n\n\n<p>Para rematar esta renovaci\u00f3n de diputados en el Congreso local, hay quienes esperan que \u00e9sta alcance a las oficinas de Comunicaci\u00f3n Social y no precisamente en el inmobiliario y mobiliario\u2026 \u00a1zopilotean a Aldo Valerio Zamudio! Aunque la l\u00f3gica dicta que si Morena repite como Mayor\u00eda y considera que el cordob\u00e9s ha cumplido en su encomienda, \u00bfpara qu\u00e9 mover lo que funciona? Aunque igual bien valdr\u00eda conocer tambi\u00e9n a qu\u00e9 le tira Aldo Valerio.<\/p>\n\n\n\n<p>Por lo mientras, se habla de una mujer que si las cosas se dan, podr\u00eda llegar al Congreso en el lugar de Aldo\u2026 pero mientras, Valerio tendr\u00e1 que seguir a cargo mientras se asientan las cosas en el Congreso y los diputados se sientan en sus curules\u2026<\/p>\n\n\n\n<p><a href=\"mailto:smcainito@gmail.com\" target=\"_blank\" rel=\"noreferrer noopener\">smcainito@gmail.com<\/a><\/p>\n","protected":false},"excerpt":{"rendered":"<p>Los Pol\u00edticos Salvador Mu\u00f1oz Este viernes han de rendir protesta los nuevos integrantes de la LXVI Legislatura y alrededor de sus nuevos diputados, ya se empiezan a entretejer historias\u2026 Por ejemplo, la comidilla en Misantla era el anuncio que daba el hasta ayer presidente municipal de la Se\u00f1orial, Oth\u00f3n Hern\u00e1ndez Candanedo: \u00a1Su separaci\u00f3n! \u201cQuiero informarles [&hellip;]<\/p>\n","protected":false},"author":1,"featured_media":387,"comment_status":"open","ping_status":"open","sticky":false,"template":"","format":"standard","meta":{"_jetpack_memberships_contains_paid_content":false,"footnotes":""},"categories":[11],"tags":[],"class_list":["post-20008","post","type-post","status-publish","format-standard","has-post-thumbnail","hentry","category-opinion"],"jetpack_featured_media_url":"https:\/\/encuentroinformativo.com.mx\/wp-content\/uploads\/2020\/03\/7CF8A22B-2764-47BE-8F7F-38FE9E5D6A2F.jpeg","jetpack_sharing_enabled":true,"jetpack_likes_enabled":true,"amp_enabled":true,"_links":{"self":[{"href":"https:\/\/encuentroinformativo.com.mx\/index.php?rest_route=\/wp\/v2\/posts\/20008","targetHints":{"allow":["GET"]}}],"collection":[{"href":"https:\/\/encuentroinformativo.com.mx\/index.php?rest_route=\/wp\/v2\/posts"}],"about":[{"href":"https:\/\/encuentroinformativo.com.mx\/index.php?rest_route=\/wp\/v2\/types\/post"}],"author":[{"embeddable":true,"href":"https:\/\/encuentroinformativo.com.mx\/index.php?rest_route=\/wp\/v2\/users\/1"}],"replies":[{"embeddable":true,"href":"https:\/\/encuentroinformativo.com.mx\/index.php?rest_route=%2Fwp%2Fv2%2Fcomments&post=20008"}],"version-history":[{"count":1,"href":"https:\/\/encuentroinformativo.com.mx\/index.php?rest_route=\/wp\/v2\/posts\/20008\/revisions"}],"predecessor-version":[{"id":20009,"href":"https:\/\/encuentroinformativo.com.mx\/index.php?rest_route=\/wp\/v2\/posts\/20008\/revisions\/20009"}],"wp:featuredmedia":[{"embeddable":true,"href":"https:\/\/encuentroinformativo.com.mx\/index.php?rest_route=\/wp\/v2\/media\/387"}],"wp:attachment":[{"href":"https:\/\/encuentroinformativo.com.mx\/index.php?rest_route=%2Fwp%2Fv2%2Fmedia&parent=20008"}],"wp:term":[{"taxonomy":"category","embeddable":true,"href":"https:\/\/encuentroinformativo.com.mx\/index.php?rest_route=%2Fwp%2Fv2%2Fcategories&post=20008"},{"taxonomy":"post_tag","embeddable":true,"href":"https:\/\/encuentroinformativo.com.mx\/index.php?rest_route=%2Fwp%2Fv2%2Ftags&post=20008"}],"curies":[{"name":"wp","href":"https:\/\/api.w.org\/{rel}","templated":true}]}}