{"id":20018,"date":"2021-11-04T11:54:16","date_gmt":"2021-11-04T17:54:16","guid":{"rendered":"https:\/\/encuentroinformativo.com.mx\/?p=20018"},"modified":"2021-11-04T11:54:20","modified_gmt":"2021-11-04T17:54:20","slug":"no-registran-casos-de-indigentes-en-banderilla-afirma-dif","status":"publish","type":"post","link":"https:\/\/encuentroinformativo.com.mx\/?p=20018","title":{"rendered":"No registran casos de indigentes en Banderilla, afirma DIF"},"content":{"rendered":"\n<p><strong>Dar\u00edo Pale<\/strong><\/p>\n\n\n\n<p>Xalapa, Ver.- Edna Catalina Godoy Carvajal presidenta del DIF municipal de Banderilla dio a conocer que en dicho municipio no se han registrado hasta el momento casos de indigentes que pernocten en la calle y que hayan tenido alg\u00fan desenlace fatal como en Xalapa.<\/p>\n\n\n\n<p>Entrevistada en conocido caf\u00e9 del centro de Xalapa, asegur\u00f3 que no han tenido reportes de maltrato de menores o situaciones graves durante la pandemia, y en diferentes colonias exhortaron a los padres de familia para tuvieran mayor cuidado con \u00a0sus hijos.<\/p>\n\n\n\n<p>Coment\u00f3 que recibieron varios reportes para que acudieran a algunos lugares ya que hab\u00eda ni\u00f1os jugando en la calle sin cubrebocas por lo que acompa\u00f1ados con la procuradora del menor acud\u00edan para recomendarles que cuidaran a sus hijos.<\/p>\n\n\n\n<p>Lo que m\u00e1s les solicita la poblaci\u00f3n son apoyos alimentarios, situaci\u00f3n que han estado apoyando, asimismo la entrega de cobijas y colchonetas que en este momento no tienen, pero que en breve habr\u00e1n de solicitar para dejar a la nueva administraci\u00f3n.<\/p>\n\n\n\n<p>En cuanto a las personas en situaci\u00f3n de calle coment\u00f3 que no es muy com\u00fan que en Banderilla se presenten esta situaci\u00f3n y cuando se presentan las reportan de forma inmediata y con apoyo de la procuradora las trasladan a un lugar donde reciben apoyo y no pasen la noche en la calle.<\/p>\n\n\n\n<p>En cuanto al exhorto que hizo la directora del DIF estatal en este tema coment\u00f3 que han estado trabajando de la mano con ellos y actualmente no han tenido ning\u00fan caso, pero cualquier situaci\u00f3n est\u00e1n en disposici\u00f3n de ayudar.<\/p>\n","protected":false},"excerpt":{"rendered":"<p>Dar\u00edo Pale Xalapa, Ver.- Edna Catalina Godoy Carvajal presidenta del DIF municipal de Banderilla dio a conocer que en dicho municipio no se han registrado hasta el momento casos de indigentes que pernocten en la calle y que hayan tenido alg\u00fan desenlace fatal como en Xalapa. Entrevistada en conocido caf\u00e9 del centro de Xalapa, asegur\u00f3 [&hellip;]<\/p>\n","protected":false},"author":1,"featured_media":20019,"comment_status":"open","ping_status":"open","sticky":false,"template":"","format":"standard","meta":{"_jetpack_memberships_contains_paid_content":false,"footnotes":""},"categories":[8],"tags":[],"class_list":["post-20018","post","type-post","status-publish","format-standard","has-post-thumbnail","hentry","category-region"],"jetpack_featured_media_url":"https:\/\/encuentroinformativo.com.mx\/wp-content\/uploads\/2021\/11\/377A8EE0-BC4B-48E0-97E9-7919F8AF1E0E.jpeg","jetpack_sharing_enabled":true,"jetpack_likes_enabled":true,"amp_enabled":true,"_links":{"self":[{"href":"https:\/\/encuentroinformativo.com.mx\/index.php?rest_route=\/wp\/v2\/posts\/20018","targetHints":{"allow":["GET"]}}],"collection":[{"href":"https:\/\/encuentroinformativo.com.mx\/index.php?rest_route=\/wp\/v2\/posts"}],"about":[{"href":"https:\/\/encuentroinformativo.com.mx\/index.php?rest_route=\/wp\/v2\/types\/post"}],"author":[{"embeddable":true,"href":"https:\/\/encuentroinformativo.com.mx\/index.php?rest_route=\/wp\/v2\/users\/1"}],"replies":[{"embeddable":true,"href":"https:\/\/encuentroinformativo.com.mx\/index.php?rest_route=%2Fwp%2Fv2%2Fcomments&post=20018"}],"version-history":[{"count":1,"href":"https:\/\/encuentroinformativo.com.mx\/index.php?rest_route=\/wp\/v2\/posts\/20018\/revisions"}],"predecessor-version":[{"id":20020,"href":"https:\/\/encuentroinformativo.com.mx\/index.php?rest_route=\/wp\/v2\/posts\/20018\/revisions\/20020"}],"wp:featuredmedia":[{"embeddable":true,"href":"https:\/\/encuentroinformativo.com.mx\/index.php?rest_route=\/wp\/v2\/media\/20019"}],"wp:attachment":[{"href":"https:\/\/encuentroinformativo.com.mx\/index.php?rest_route=%2Fwp%2Fv2%2Fmedia&parent=20018"}],"wp:term":[{"taxonomy":"category","embeddable":true,"href":"https:\/\/encuentroinformativo.com.mx\/index.php?rest_route=%2Fwp%2Fv2%2Fcategories&post=20018"},{"taxonomy":"post_tag","embeddable":true,"href":"https:\/\/encuentroinformativo.com.mx\/index.php?rest_route=%2Fwp%2Fv2%2Ftags&post=20018"}],"curies":[{"name":"wp","href":"https:\/\/api.w.org\/{rel}","templated":true}]}}