{"id":20032,"date":"2021-11-04T13:10:11","date_gmt":"2021-11-04T19:10:11","guid":{"rendered":"https:\/\/encuentroinformativo.com.mx\/?p=20032"},"modified":"2021-11-04T13:10:15","modified_gmt":"2021-11-04T19:10:15","slug":"pide-gobernador-investigar-robo-de-tapas-de-registros-de-cfe","status":"publish","type":"post","link":"https:\/\/encuentroinformativo.com.mx\/?p=20032","title":{"rendered":"Pide gobernador investigar robo de tapas de registros de CFE"},"content":{"rendered":"\n<p><strong>Dar\u00edo Pale <\/strong><\/p>\n\n\n\n<p>Xalapa, Ver.- Ya se est\u00e1 realizando una investigaci\u00f3n y est\u00e1n realizando una estrategia para poder aprehender a quienes se roban las tapas de registros de la Comisi\u00f3n Federal de Electricidad en Veracruz Puerto, as\u00ed lo inform\u00f3 el gobernador Cuitl\u00e1huac Garc\u00eda Jim\u00e9nez.<\/p>\n\n\n\n<p>En conferencia de prensa realizada en la sala de Banderas de palacio de gobierno, gir\u00f3 la instrucci\u00f3n al titular de la Secretar\u00eda de Seguridad P\u00fablica de Veracruz para que acuda a dicha ciudad y se indague sobre qui\u00e9n roba y tambi\u00e9n quien compra.<\/p>\n\n\n\n<p>El gobernador de Veracruz dijo que tambi\u00e9n es responsabilidad de la Comisi\u00f3n Federal de Electricidad el conocer sobre en qu\u00e9 zonas faltan los registros que ponen en riesgo a la poblaci\u00f3n.<\/p>\n\n\n\n<p>\u201cPedir al secretario que haga una reuni\u00f3n para indagar sobre los robos, que se coordine bien que haga una sectorizaci\u00f3n, que quiere decir que la ciudad queda a cargo para poder hacerlo m\u00e1s din\u00e1mico&#8221;, se\u00f1al\u00f3.<\/p>\n\n\n\n<p>Cuitl\u00e1huac Garc\u00eda lament\u00f3 que no se tenga una buena coordinaci\u00f3n con la polic\u00eda municipal de Veracruz, sobre todo en estos casos en materia de seguridad, sin embargo confi\u00f3 en que si se pueda hacer en siguientes d\u00edas.<\/p>\n\n\n\n<p>Es de mencionar que un menor de 12 a\u00f1os cay\u00f3 en un registro de CFE que no ten\u00eda tapa, a lo que Garc\u00eda Jim\u00e9nez lament\u00f3 los hechos.\u00a0<br>Sin embargo, dijo que el Gobierno Municipal de Veracruz, dijo, a trav\u00e9s de su direcci\u00f3n de Protecci\u00f3n Civil o Polic\u00eda Municipal debe de estar al pendiente de el robo de tapas, si bien no es su competencia, si debe de tener detectadas esas zonas de riesgo para la poblaci\u00f3n.<\/p>\n\n\n\n<p>Finalmente dio a conocer que la autoridad municipal es la responsable de dar parte a las autoridades o dependencias correspondientes para que atiendan, en el caso del robo de las tapas de los registros de CFE, dijo se pudo prevenir la muerte del menor, pues se pudieron \u00a0colocar cintas de prevenci\u00f3n.<\/p>\n","protected":false},"excerpt":{"rendered":"<p>Dar\u00edo Pale Xalapa, Ver.- Ya se est\u00e1 realizando una investigaci\u00f3n y est\u00e1n realizando una estrategia para poder aprehender a quienes se roban las tapas de registros de la Comisi\u00f3n Federal de Electricidad en Veracruz Puerto, as\u00ed lo inform\u00f3 el gobernador Cuitl\u00e1huac Garc\u00eda Jim\u00e9nez. En conferencia de prensa realizada en la sala de Banderas de palacio [&hellip;]<\/p>\n","protected":false},"author":1,"featured_media":20033,"comment_status":"open","ping_status":"open","sticky":false,"template":"","format":"standard","meta":{"_jetpack_memberships_contains_paid_content":false,"footnotes":""},"categories":[2],"tags":[],"class_list":["post-20032","post","type-post","status-publish","format-standard","has-post-thumbnail","hentry","category-estado"],"jetpack_featured_media_url":"https:\/\/encuentroinformativo.com.mx\/wp-content\/uploads\/2021\/11\/0D451BED-577C-432B-87E0-E29550C30FC7.jpeg","jetpack_sharing_enabled":true,"jetpack_likes_enabled":true,"amp_enabled":true,"_links":{"self":[{"href":"https:\/\/encuentroinformativo.com.mx\/index.php?rest_route=\/wp\/v2\/posts\/20032","targetHints":{"allow":["GET"]}}],"collection":[{"href":"https:\/\/encuentroinformativo.com.mx\/index.php?rest_route=\/wp\/v2\/posts"}],"about":[{"href":"https:\/\/encuentroinformativo.com.mx\/index.php?rest_route=\/wp\/v2\/types\/post"}],"author":[{"embeddable":true,"href":"https:\/\/encuentroinformativo.com.mx\/index.php?rest_route=\/wp\/v2\/users\/1"}],"replies":[{"embeddable":true,"href":"https:\/\/encuentroinformativo.com.mx\/index.php?rest_route=%2Fwp%2Fv2%2Fcomments&post=20032"}],"version-history":[{"count":1,"href":"https:\/\/encuentroinformativo.com.mx\/index.php?rest_route=\/wp\/v2\/posts\/20032\/revisions"}],"predecessor-version":[{"id":20034,"href":"https:\/\/encuentroinformativo.com.mx\/index.php?rest_route=\/wp\/v2\/posts\/20032\/revisions\/20034"}],"wp:featuredmedia":[{"embeddable":true,"href":"https:\/\/encuentroinformativo.com.mx\/index.php?rest_route=\/wp\/v2\/media\/20033"}],"wp:attachment":[{"href":"https:\/\/encuentroinformativo.com.mx\/index.php?rest_route=%2Fwp%2Fv2%2Fmedia&parent=20032"}],"wp:term":[{"taxonomy":"category","embeddable":true,"href":"https:\/\/encuentroinformativo.com.mx\/index.php?rest_route=%2Fwp%2Fv2%2Fcategories&post=20032"},{"taxonomy":"post_tag","embeddable":true,"href":"https:\/\/encuentroinformativo.com.mx\/index.php?rest_route=%2Fwp%2Fv2%2Ftags&post=20032"}],"curies":[{"name":"wp","href":"https:\/\/api.w.org\/{rel}","templated":true}]}}