{"id":20041,"date":"2021-11-04T14:16:14","date_gmt":"2021-11-04T20:16:14","guid":{"rendered":"https:\/\/encuentroinformativo.com.mx\/?p=20041"},"modified":"2021-11-04T14:16:17","modified_gmt":"2021-11-04T20:16:17","slug":"buen-fin-tendra-actividades-artisticas-en-veracruz-puerto","status":"publish","type":"post","link":"https:\/\/encuentroinformativo.com.mx\/?p=20041","title":{"rendered":"Buen Fin tendr\u00e1 actividades art\u00edsticas en Veracruz puerto"},"content":{"rendered":"\n<p><strong>Alejandro \u00c1vila<\/strong><\/p>\n\n\n\n<p>Veracruz, Ver.- El Ayuntamiento de Veracruz en coordinaci\u00f3n con la C\u00e1mara Nacional de Comercio (CANACO) realizar\u00e1n el pr\u00f3ximo fin de semana una Expo Feria por El Buen Fin, donde participar\u00e1n todas las c\u00e1maras empresariales para ofertar productos a los ciudadanos y turistas.<\/p>\n\n\n\n<p>Se estima que con este evento la derrama econ\u00f3mica aumente y las ventas repunten tal como sucedio el pasado &#8220;puente&#8221; de D\u00eda de Muertos.<\/p>\n\n\n\n<p>&#8220;Lo que nos estuvo solicitando el licenciado Jos\u00e9 Antonio Mendoza, fue que apoyaramos con una serie de atractivos, grupos artisticos, se van a estar presentando algunos grupos artisticos en esta feria que \u00e9l est\u00e1 promocionando, aqu\u00ed en el z\u00f3calo, estaremos haciendo tambi\u00e9n una exposici\u00f3n fotogr\u00e1fica de las altas monta\u00f1as, estaremos trayendo lo que es una exposici\u00f3n de orquideas&#8221;, apunt\u00f3 el director de Turismo, Jos\u00e9 Salvatori Arjona.<\/p>\n\n\n\n<p>El funcionario municipal, dijo que el reporte de la Asociaci\u00f3n de Hoteles y Moteles tras el fin de semana largo por D\u00eda de Muertos, dej\u00f3 una ocupaci\u00f3n hotelera del 60 al 65 por ciento en s\u00e1bado y domingo, mientras que lunes y martes fue del 50 por ciento.<\/p>\n\n\n\n<p>Adem\u00e1s, Jos\u00e9 Salvatori Arjona, coment\u00f3 que el programa Independencia Peatonal se seguir\u00e1 desarrollando durante los dos \u00faltimos meses del a\u00f1o, donde se espera superar los n\u00fameros del 2020.<\/p>\n","protected":false},"excerpt":{"rendered":"<p>Alejandro \u00c1vila Veracruz, Ver.- El Ayuntamiento de Veracruz en coordinaci\u00f3n con la C\u00e1mara Nacional de Comercio (CANACO) realizar\u00e1n el pr\u00f3ximo fin de semana una Expo Feria por El Buen Fin, donde participar\u00e1n todas las c\u00e1maras empresariales para ofertar productos a los ciudadanos y turistas. Se estima que con este evento la derrama econ\u00f3mica aumente y [&hellip;]<\/p>\n","protected":false},"author":1,"featured_media":20042,"comment_status":"open","ping_status":"open","sticky":false,"template":"","format":"standard","meta":{"_jetpack_memberships_contains_paid_content":false,"footnotes":""},"categories":[2],"tags":[],"class_list":["post-20041","post","type-post","status-publish","format-standard","has-post-thumbnail","hentry","category-estado"],"jetpack_featured_media_url":"https:\/\/encuentroinformativo.com.mx\/wp-content\/uploads\/2021\/11\/CA23093A-19EA-4BA8-9910-974AC9F96EF4.jpeg","jetpack_sharing_enabled":true,"jetpack_likes_enabled":true,"amp_enabled":true,"_links":{"self":[{"href":"https:\/\/encuentroinformativo.com.mx\/index.php?rest_route=\/wp\/v2\/posts\/20041","targetHints":{"allow":["GET"]}}],"collection":[{"href":"https:\/\/encuentroinformativo.com.mx\/index.php?rest_route=\/wp\/v2\/posts"}],"about":[{"href":"https:\/\/encuentroinformativo.com.mx\/index.php?rest_route=\/wp\/v2\/types\/post"}],"author":[{"embeddable":true,"href":"https:\/\/encuentroinformativo.com.mx\/index.php?rest_route=\/wp\/v2\/users\/1"}],"replies":[{"embeddable":true,"href":"https:\/\/encuentroinformativo.com.mx\/index.php?rest_route=%2Fwp%2Fv2%2Fcomments&post=20041"}],"version-history":[{"count":1,"href":"https:\/\/encuentroinformativo.com.mx\/index.php?rest_route=\/wp\/v2\/posts\/20041\/revisions"}],"predecessor-version":[{"id":20043,"href":"https:\/\/encuentroinformativo.com.mx\/index.php?rest_route=\/wp\/v2\/posts\/20041\/revisions\/20043"}],"wp:featuredmedia":[{"embeddable":true,"href":"https:\/\/encuentroinformativo.com.mx\/index.php?rest_route=\/wp\/v2\/media\/20042"}],"wp:attachment":[{"href":"https:\/\/encuentroinformativo.com.mx\/index.php?rest_route=%2Fwp%2Fv2%2Fmedia&parent=20041"}],"wp:term":[{"taxonomy":"category","embeddable":true,"href":"https:\/\/encuentroinformativo.com.mx\/index.php?rest_route=%2Fwp%2Fv2%2Fcategories&post=20041"},{"taxonomy":"post_tag","embeddable":true,"href":"https:\/\/encuentroinformativo.com.mx\/index.php?rest_route=%2Fwp%2Fv2%2Ftags&post=20041"}],"curies":[{"name":"wp","href":"https:\/\/api.w.org\/{rel}","templated":true}]}}