{"id":20054,"date":"2021-11-04T23:29:08","date_gmt":"2021-11-05T05:29:08","guid":{"rendered":"https:\/\/encuentroinformativo.com.mx\/?p=20054"},"modified":"2021-11-04T23:29:12","modified_gmt":"2021-11-05T05:29:12","slug":"georgina-hernandez-vicerrectora-uv-en-coatzacoalcos-minatitlan","status":"publish","type":"post","link":"https:\/\/encuentroinformativo.com.mx\/?p=20054","title":{"rendered":"Georgina Hern\u00e1ndez, vicerrectora UV en Coatzacoalcos-Minatitl\u00e1n"},"content":{"rendered":"\n<p>Coatzacoalcos, Ver.- El rector de la Universidad Veracruzana (UV), Mart\u00edn Aguilar S\u00e1nchez, tom\u00f3 protesta como vicerrectora de la regi\u00f3n Coatzacoalcos-Minatitl\u00e1n a Georgina Hern\u00e1ndez R\u00edos, en sustituci\u00f3n de Carlos Lamothe Zavaleta.<\/p>\n\n\n\n<p>En su discurso, el Rector llam\u00f3 a la nueva Vicerrectora a guiar sus acciones de acuerdo a su visi\u00f3n global de esta regi\u00f3n, a la cual conoce profundamente, y desde este conocimiento la inst\u00f3 a trabajar en favor de los estudiantes, del di\u00e1logo y la conversaci\u00f3n horizontal al interior y al exterior de la Vicerrector\u00eda.<\/p>\n\n\n\n<p>Mart\u00edn Aguilar agradeci\u00f3 a Carlos Lamothe su trabajo al frente de la Vicerrector\u00eda, la cual logr\u00f3 coordinar con equilibrio e inteligencia, abonando a la vocaci\u00f3n cr\u00edtica.<\/p>\n\n\n\n<p>Despu\u00e9s de rendir protesta, Georgina Hern\u00e1ndez tambi\u00e9n reconoci\u00f3 la labor de su antecesor y agradeci\u00f3 al Rector la confianza depositada en su persona y describi\u00f3 a grandes rasgos c\u00f3mo la infraestructura de la zona sur se mejor\u00f3 en las ciudades de Minatitl\u00e1n, Coatzacoalcos, Acayucan y Huazuntl\u00e1n, y est\u00e1 por concluirse el proyecto de construcci\u00f3n en Agua Dulce.<\/p>\n\n\n\n<p>Incluy\u00f3 las urgencias en materia de oferta acad\u00e9mica, enfatizando la asignaci\u00f3n de plazas de tiempo completo; igualmente, cit\u00f3 la forma para integrarse en el programa para el desarrollo del istmo de Tehuantepec, mejor conocido como corredor interoce\u00e1nico.<\/p>\n\n\n\n<p>\u201cHoy asumo la responsabilidad de la Vicerrector\u00eda para el periodo 2021-2025 con un equipo de trabajo dispuesto a continuar la labor de Carlos Lamothe; agradezco la confianza del Rector y los invito a dirigir los esfuerzos de la comunidad universitaria hacia una universidad cercana a las necesidades y demandas sociales \u2013sean del sector productivo, empresarial, municipal, organizaciones civiles, colonias y comunidades ind\u00edgenas de la regi\u00f3n sur del estado de Veracruz\u2013, a trav\u00e9s de nuestros proyectos acad\u00e9micos y multidisciplinarios\u201d.<\/p>\n\n\n\n<p>Para llevar a cabo su labor, invit\u00f3 a toda la comunidad universitaria, especialmente al personal del Sindicato Estatal de Trabajadores al Servicio de la UV (SETSUV) y del Sindicato del Personal Acad\u00e9mico (Fesapauv), a \u201cseguir transformando de manera integral nuestra Universidad Veracruzana\u201d.<\/p>\n\n\n\n<p>En la sesi\u00f3n participaron Elena Rustri\u00e1n Portilla, secretaria Acad\u00e9mica; Lizbeth Margarita Viveros Cancino, secretaria de Administraci\u00f3n y Finanzas; Rebeca Hern\u00e1ndez Ar\u00e1mburo, encargada de la Secretar\u00eda de Desarrollo Institucional; Leticia Mora Perdomo y Enrique Ram\u00edrez Nazariega, presidenta e integrante de la Junta de Gobierno de la UV, respectivamente; Jacqueline del Carmen Jongitud Zamora y Leopoldo Alafita M\u00e9ndez, asesores de la Rector\u00eda; Norma Trujillo B\u00e1ez, directora general de Comunicaci\u00f3n Universitaria; Hugo Ismael Noble P\u00e9rez y Mar\u00eda In\u00e9s Quevedo L\u00f3pez, secretarios regionales Acad\u00e9mico, y de Administraci\u00f3n y Finanzas, respectivamente, as\u00ed como autoridades municipales, empresarios y comunidad universitaria.<\/p>\n","protected":false},"excerpt":{"rendered":"<p>Coatzacoalcos, Ver.- El rector de la Universidad Veracruzana (UV), Mart\u00edn Aguilar S\u00e1nchez, tom\u00f3 protesta como vicerrectora de la regi\u00f3n Coatzacoalcos-Minatitl\u00e1n a Georgina Hern\u00e1ndez R\u00edos, en sustituci\u00f3n de Carlos Lamothe Zavaleta. En su discurso, el Rector llam\u00f3 a la nueva Vicerrectora a guiar sus acciones de acuerdo a su visi\u00f3n global de esta regi\u00f3n, a la [&hellip;]<\/p>\n","protected":false},"author":1,"featured_media":20055,"comment_status":"open","ping_status":"open","sticky":false,"template":"","format":"standard","meta":{"_jetpack_memberships_contains_paid_content":false,"footnotes":""},"categories":[2],"tags":[],"class_list":["post-20054","post","type-post","status-publish","format-standard","has-post-thumbnail","hentry","category-estado"],"jetpack_featured_media_url":"https:\/\/encuentroinformativo.com.mx\/wp-content\/uploads\/2021\/11\/689DA78B-41BE-4BE5-962A-F52BBA6C4EEB.jpeg","jetpack_sharing_enabled":true,"jetpack_likes_enabled":true,"amp_enabled":true,"_links":{"self":[{"href":"https:\/\/encuentroinformativo.com.mx\/index.php?rest_route=\/wp\/v2\/posts\/20054","targetHints":{"allow":["GET"]}}],"collection":[{"href":"https:\/\/encuentroinformativo.com.mx\/index.php?rest_route=\/wp\/v2\/posts"}],"about":[{"href":"https:\/\/encuentroinformativo.com.mx\/index.php?rest_route=\/wp\/v2\/types\/post"}],"author":[{"embeddable":true,"href":"https:\/\/encuentroinformativo.com.mx\/index.php?rest_route=\/wp\/v2\/users\/1"}],"replies":[{"embeddable":true,"href":"https:\/\/encuentroinformativo.com.mx\/index.php?rest_route=%2Fwp%2Fv2%2Fcomments&post=20054"}],"version-history":[{"count":1,"href":"https:\/\/encuentroinformativo.com.mx\/index.php?rest_route=\/wp\/v2\/posts\/20054\/revisions"}],"predecessor-version":[{"id":20056,"href":"https:\/\/encuentroinformativo.com.mx\/index.php?rest_route=\/wp\/v2\/posts\/20054\/revisions\/20056"}],"wp:featuredmedia":[{"embeddable":true,"href":"https:\/\/encuentroinformativo.com.mx\/index.php?rest_route=\/wp\/v2\/media\/20055"}],"wp:attachment":[{"href":"https:\/\/encuentroinformativo.com.mx\/index.php?rest_route=%2Fwp%2Fv2%2Fmedia&parent=20054"}],"wp:term":[{"taxonomy":"category","embeddable":true,"href":"https:\/\/encuentroinformativo.com.mx\/index.php?rest_route=%2Fwp%2Fv2%2Fcategories&post=20054"},{"taxonomy":"post_tag","embeddable":true,"href":"https:\/\/encuentroinformativo.com.mx\/index.php?rest_route=%2Fwp%2Fv2%2Ftags&post=20054"}],"curies":[{"name":"wp","href":"https:\/\/api.w.org\/{rel}","templated":true}]}}