{"id":20059,"date":"2021-11-05T11:36:02","date_gmt":"2021-11-05T17:36:02","guid":{"rendered":"https:\/\/encuentroinformativo.com.mx\/?p=20059"},"modified":"2021-11-05T11:36:06","modified_gmt":"2021-11-05T17:36:06","slug":"protestan-ex-trabajadores-del-congreso-reclaman-justicia-por-despidos-injustificados","status":"publish","type":"post","link":"https:\/\/encuentroinformativo.com.mx\/?p=20059","title":{"rendered":"Protestan ex trabajadores del Congreso; reclaman justicia por despidos injustificados"},"content":{"rendered":"\n<p><strong>Juan Arcos<\/strong><\/p>\n\n\n\n<p>Xalapa, Ver.- Extrabajadores de intendencia, que fueron despedidos del Congreso del Estado, protestaron afuera del Palacio Legislativo, previo a la toma de protesta de los diputados que integrar\u00e1n la nueva legislatura de Veracruz.<\/p>\n\n\n\n<p>\u201cDespido por represalia de la empresa (S.L.l.) de Jorge Luis Sandoval Landa N\u00b0 contrato L5001-002-2021 que brindaservicio al congreso del estado. Queremos justicia se\u00f1or Gobernador\u201d, se lee en las lonas que sostuvieron sobre la avenida Encanto.<\/p>\n\n\n\n<p>Rosa Aurora Gonz\u00e1lez Trevi\u00f1o denunci\u00f3 que ella y otros cuatro de sus compa\u00f1eros fueron despedidos injustificadamente el pasado 5 de mayo, tras una manifestaci\u00f3n pac\u00edfica que realizaron en el pleno para exigir mejores condiciones laborales.<\/p>\n\n\n\n<p>\u201cYo trabajaba para una empresa subcontratada del Congreso, pero el 2 de mayo le pedimos apoyo ingenuamente a los diputados en una sesi\u00f3n, no les gust\u00f3 a algunos porque hay intereses econ\u00f3micos ah\u00ed. El 19 de mayo nos sacan con seguridad del Congreso y nos prohiben la entrada y hasta el d\u00eda de hoy nosotros no tenemos derecho a entrar. Mi \u00fanico delito es haber manifestado las inconformidades labores que padec\u00edamos\u201d.<\/p>\n\n\n\n<p>Algunas de las despedidas son madres solteras, cuyos hijos dependen totalmente de ellas; sin embargo, no obtuvieron apoyo de las diputadas y diputados de la legislatura que culmin\u00f3 su periodo el jueves 4 de noviembre.<\/p>\n\n\n\n<p>\u00a0Rosa Aurora protest\u00f3 tambi\u00e9n durante la visita del presidente Andr\u00e9s Manuel L\u00f3pez Obrador en Xalapa, en agosto pasado, donde el mandatario se comprometi\u00f3 a resolver el problema, pero hasta el momento no hay una respuesta favorable.<\/p>\n\n\n\n<p>\u201cHemos dado vueltas y no nos resuelven. No me han dicho el porqu\u00e9 se me despidi\u00f3, su argumento es que se me acab\u00f3 el contrato, pero a mis compa\u00f1eros que est\u00e1n adentro les han dicho que si hacen otra se van\u201d.<\/p>\n\n\n\n<p>En ese sentido, pidieron a las diputadas y diputados que rinden protesta este viernes, que haya justicia en el caso y sean respetados sus derechos laborales.<br><\/p>\n\n\n\n<figure class=\"wp-block-image size-large\"><img loading=\"lazy\" decoding=\"async\" width=\"1024\" height=\"765\" src=\"https:\/\/encuentroinformativo.com.mx\/wp-content\/uploads\/2021\/11\/39AFEFB5-8329-45EC-B117-753B809FF2F6-1024x765.jpeg\" alt=\"\" class=\"wp-image-20061\" srcset=\"https:\/\/encuentroinformativo.com.mx\/wp-content\/uploads\/2021\/11\/39AFEFB5-8329-45EC-B117-753B809FF2F6-1024x765.jpeg 1024w, https:\/\/encuentroinformativo.com.mx\/wp-content\/uploads\/2021\/11\/39AFEFB5-8329-45EC-B117-753B809FF2F6-300x224.jpeg 300w, https:\/\/encuentroinformativo.com.mx\/wp-content\/uploads\/2021\/11\/39AFEFB5-8329-45EC-B117-753B809FF2F6-768x574.jpeg 768w, https:\/\/encuentroinformativo.com.mx\/wp-content\/uploads\/2021\/11\/39AFEFB5-8329-45EC-B117-753B809FF2F6-1536x1147.jpeg 1536w, https:\/\/encuentroinformativo.com.mx\/wp-content\/uploads\/2021\/11\/39AFEFB5-8329-45EC-B117-753B809FF2F6.jpeg 1731w\" sizes=\"auto, (max-width: 1024px) 100vw, 1024px\" \/><\/figure>\n","protected":false},"excerpt":{"rendered":"<p>Juan Arcos Xalapa, Ver.- Extrabajadores de intendencia, que fueron despedidos del Congreso del Estado, protestaron afuera del Palacio Legislativo, previo a la toma de protesta de los diputados que integrar\u00e1n la nueva legislatura de Veracruz. \u201cDespido por represalia de la empresa (S.L.l.) de Jorge Luis Sandoval Landa N\u00b0 contrato L5001-002-2021 que brindaservicio al congreso del [&hellip;]<\/p>\n","protected":false},"author":1,"featured_media":20060,"comment_status":"open","ping_status":"open","sticky":false,"template":"","format":"standard","meta":{"_jetpack_memberships_contains_paid_content":false,"footnotes":""},"categories":[3],"tags":[],"class_list":["post-20059","post","type-post","status-publish","format-standard","has-post-thumbnail","hentry","category-xalapa"],"jetpack_featured_media_url":"https:\/\/encuentroinformativo.com.mx\/wp-content\/uploads\/2021\/11\/573F6283-C593-4E32-B1C1-BFCBE652B7BC.jpeg","jetpack_sharing_enabled":true,"jetpack_likes_enabled":true,"amp_enabled":true,"_links":{"self":[{"href":"https:\/\/encuentroinformativo.com.mx\/index.php?rest_route=\/wp\/v2\/posts\/20059","targetHints":{"allow":["GET"]}}],"collection":[{"href":"https:\/\/encuentroinformativo.com.mx\/index.php?rest_route=\/wp\/v2\/posts"}],"about":[{"href":"https:\/\/encuentroinformativo.com.mx\/index.php?rest_route=\/wp\/v2\/types\/post"}],"author":[{"embeddable":true,"href":"https:\/\/encuentroinformativo.com.mx\/index.php?rest_route=\/wp\/v2\/users\/1"}],"replies":[{"embeddable":true,"href":"https:\/\/encuentroinformativo.com.mx\/index.php?rest_route=%2Fwp%2Fv2%2Fcomments&post=20059"}],"version-history":[{"count":1,"href":"https:\/\/encuentroinformativo.com.mx\/index.php?rest_route=\/wp\/v2\/posts\/20059\/revisions"}],"predecessor-version":[{"id":20062,"href":"https:\/\/encuentroinformativo.com.mx\/index.php?rest_route=\/wp\/v2\/posts\/20059\/revisions\/20062"}],"wp:featuredmedia":[{"embeddable":true,"href":"https:\/\/encuentroinformativo.com.mx\/index.php?rest_route=\/wp\/v2\/media\/20060"}],"wp:attachment":[{"href":"https:\/\/encuentroinformativo.com.mx\/index.php?rest_route=%2Fwp%2Fv2%2Fmedia&parent=20059"}],"wp:term":[{"taxonomy":"category","embeddable":true,"href":"https:\/\/encuentroinformativo.com.mx\/index.php?rest_route=%2Fwp%2Fv2%2Fcategories&post=20059"},{"taxonomy":"post_tag","embeddable":true,"href":"https:\/\/encuentroinformativo.com.mx\/index.php?rest_route=%2Fwp%2Fv2%2Ftags&post=20059"}],"curies":[{"name":"wp","href":"https:\/\/api.w.org\/{rel}","templated":true}]}}