{"id":20066,"date":"2021-11-05T13:24:27","date_gmt":"2021-11-05T19:24:27","guid":{"rendered":"https:\/\/encuentroinformativo.com.mx\/?p=20066"},"modified":"2021-11-05T13:24:32","modified_gmt":"2021-11-05T19:24:32","slug":"renunciara-guzman-aviles-para-buscar-reeleccion-de-dirigencia-panista","status":"publish","type":"post","link":"https:\/\/encuentroinformativo.com.mx\/?p=20066","title":{"rendered":"Renunciar\u00e1 Guzm\u00e1n Avil\u00e9s para buscar reelecci\u00f3n de dirigencia panista"},"content":{"rendered":"\n<p><strong>Dar\u00edo Pale<\/strong><\/p>\n\n\n\n<p>Xalapa, Ver.- Este fin de semana presentar\u00e1 su renuncia al cargo de presidente del Comit\u00e9 Directivo Estatal (CDE), Joaqu\u00edn Rosendo Guzm\u00e1n Avil\u00e9s para poder contender nuevamente por ese cargo.<\/p>\n\n\n\n<p>Entrevistado en el Congreso del Estado se\u00f1al\u00f3 que la campa\u00f1a se llevar\u00e1 a cabo del 18 de noviembre al 18 de diciembre y la elecci\u00f3n ser\u00eda el 19 de ese mes, detall\u00f3 que Tito Delf\u00edn, quien aspira al mismo cargo, primero tiene que renunciar como secretario.<\/p>\n\n\n\n<p>Guzm\u00e1n Avil\u00e9s dijo que no tiene todav\u00eda una planilla integrada, pero no descart\u00f3 que Mayra Cort\u00e9s pueda ser, en caso de ganar, la pr\u00f3xima secretaria general del blanquiazul.<\/p>\n\n\n\n<p>Cuestionado en relaci\u00f3n a si Morena este buscando meter las manos en la elecci\u00f3n interna de su partido, neg\u00f3 de manera tajante que pueda hacerlo, ya que dijo, es un partido completamente independiente.<\/p>\n\n\n\n<p>&#8220;Morena no tiene nada que ver y defenderemos a Acci\u00f3n Nacional como siempre lo hemos hecho&#8221;, subray\u00f3.<\/p>\n\n\n\n<p>Respecto del trabajo de los diputados locales que este viernes toman protesta, afirm\u00f3 que se trata de un grupo que tiene experiencia y conocimiento legislativo, por lo que trabajar\u00e1n por el bien de los veracruzanos.<\/p>\n\n\n\n<p>Finalmente se\u00f1al\u00f3 que, &#8220;tenemos la presentaci\u00f3n de un nuevo Congreso, de esta manera el Congreso trabajar\u00e1 en beneficio de los veracruzanos y los panistas estar\u00e1n pendiente de lo que se haga y que sea dentro del marco legal. Siempre hemos sido contrapeso y seremos contrapeso de la bancada morenista en beneficio de los veracruzanos&#8221;.<\/p>\n","protected":false},"excerpt":{"rendered":"<p>Dar\u00edo Pale Xalapa, Ver.- Este fin de semana presentar\u00e1 su renuncia al cargo de presidente del Comit\u00e9 Directivo Estatal (CDE), Joaqu\u00edn Rosendo Guzm\u00e1n Avil\u00e9s para poder contender nuevamente por ese cargo. Entrevistado en el Congreso del Estado se\u00f1al\u00f3 que la campa\u00f1a se llevar\u00e1 a cabo del 18 de noviembre al 18 de diciembre y la [&hellip;]<\/p>\n","protected":false},"author":1,"featured_media":20067,"comment_status":"open","ping_status":"open","sticky":false,"template":"","format":"standard","meta":{"_jetpack_memberships_contains_paid_content":false,"footnotes":""},"categories":[2],"tags":[],"class_list":["post-20066","post","type-post","status-publish","format-standard","has-post-thumbnail","hentry","category-estado"],"jetpack_featured_media_url":"https:\/\/encuentroinformativo.com.mx\/wp-content\/uploads\/2021\/11\/670948EF-EB6A-4E06-AEEC-39D7577CB876.jpeg","jetpack_sharing_enabled":true,"jetpack_likes_enabled":true,"amp_enabled":true,"_links":{"self":[{"href":"https:\/\/encuentroinformativo.com.mx\/index.php?rest_route=\/wp\/v2\/posts\/20066","targetHints":{"allow":["GET"]}}],"collection":[{"href":"https:\/\/encuentroinformativo.com.mx\/index.php?rest_route=\/wp\/v2\/posts"}],"about":[{"href":"https:\/\/encuentroinformativo.com.mx\/index.php?rest_route=\/wp\/v2\/types\/post"}],"author":[{"embeddable":true,"href":"https:\/\/encuentroinformativo.com.mx\/index.php?rest_route=\/wp\/v2\/users\/1"}],"replies":[{"embeddable":true,"href":"https:\/\/encuentroinformativo.com.mx\/index.php?rest_route=%2Fwp%2Fv2%2Fcomments&post=20066"}],"version-history":[{"count":1,"href":"https:\/\/encuentroinformativo.com.mx\/index.php?rest_route=\/wp\/v2\/posts\/20066\/revisions"}],"predecessor-version":[{"id":20068,"href":"https:\/\/encuentroinformativo.com.mx\/index.php?rest_route=\/wp\/v2\/posts\/20066\/revisions\/20068"}],"wp:featuredmedia":[{"embeddable":true,"href":"https:\/\/encuentroinformativo.com.mx\/index.php?rest_route=\/wp\/v2\/media\/20067"}],"wp:attachment":[{"href":"https:\/\/encuentroinformativo.com.mx\/index.php?rest_route=%2Fwp%2Fv2%2Fmedia&parent=20066"}],"wp:term":[{"taxonomy":"category","embeddable":true,"href":"https:\/\/encuentroinformativo.com.mx\/index.php?rest_route=%2Fwp%2Fv2%2Fcategories&post=20066"},{"taxonomy":"post_tag","embeddable":true,"href":"https:\/\/encuentroinformativo.com.mx\/index.php?rest_route=%2Fwp%2Fv2%2Ftags&post=20066"}],"curies":[{"name":"wp","href":"https:\/\/api.w.org\/{rel}","templated":true}]}}