{"id":20072,"date":"2021-11-05T14:20:07","date_gmt":"2021-11-05T20:20:07","guid":{"rendered":"https:\/\/encuentroinformativo.com.mx\/?p=20072"},"modified":"2021-11-05T14:20:11","modified_gmt":"2021-11-05T20:20:11","slug":"ya-se-recuperaron-empleos-perdidos-en-pandemia-segun-senador","status":"publish","type":"post","link":"https:\/\/encuentroinformativo.com.mx\/?p=20072","title":{"rendered":"Ya se recuperaron empleos perdidos en pandemia, seg\u00fan Senador"},"content":{"rendered":"\n<p><strong>Dar\u00edo Pale<\/strong> <\/p>\n\n\n\n<p>Xalapa, Ver.-  Los empleos que se perdieron durante la pandemia ya se recuperaron pr\u00e1cticamente todos, as\u00ed lo afirm\u00f3 el senador de Veracruz Ernesto P\u00e9rez Astorga, pero dijo que respeta el punto de vista de las c\u00e1maras empresariales.<\/p>\n\n\n\n<p>Entrevistado a su arribo al Congreso de Veracruz coment\u00f3 que, &#8220;ya se lograron recuperar pr\u00e1cticamente al mes pasado todos los trabajos que se hab\u00edan perdido a nivel nacional. A nivel nacional se perdieron, pero s\u00ed al mes de octubre ya estaban dentro del padr\u00f3n del Seguro Social la misma cantidad incluso superior&#8221;.<\/p>\n\n\n\n<p>El senador coment\u00f3 que todos aquellos que perdieron su fuente de ingresos y a\u00fan m\u00e1s ya fueron recontratados, pero es respetuoso de aquellos que tengan un punto de vista distinto como c\u00e1maras empresariales, pero presumi\u00f3 que los n\u00fameros hablan y las afiliaciones al IMSS as\u00ed lo demuestran.<\/p>\n\n\n\n<p>&#8220;Estamos hablando de que ya recuperamos el mismo nivel de empleo que como iniciamos en abril del a\u00f1o pasado, que s\u00ed hay muchas cosas por hacer, que s\u00ed hay muchas carencias, que s\u00ed est\u00e1 la econom\u00eda deprimida, por supuesto, no obstante la econom\u00eda va a crecer en este a\u00f1o y gran parte de la fortaleza y la estabilidad social que tenemos, es que los programas sociales han permeado&#8221;, se\u00f1al\u00f3.<\/p>\n\n\n\n<p>Finalmente en otro orden de ideas respecto a la propuesta para el nuevo ministro de la Suprema Corte, P\u00e9rez Astorga, dijo que todav\u00eda no conoce qui\u00e9n ser\u00eda la propuesta del Presidente.<\/p>\n","protected":false},"excerpt":{"rendered":"<p>Dar\u00edo Pale Xalapa, Ver.- Los empleos que se perdieron durante la pandemia ya se recuperaron pr\u00e1cticamente todos, as\u00ed lo afirm\u00f3 el senador de Veracruz Ernesto P\u00e9rez Astorga, pero dijo que respeta el punto de vista de las c\u00e1maras empresariales. Entrevistado a su arribo al Congreso de Veracruz coment\u00f3 que, &#8220;ya se lograron recuperar pr\u00e1cticamente al [&hellip;]<\/p>\n","protected":false},"author":1,"featured_media":20073,"comment_status":"open","ping_status":"open","sticky":false,"template":"","format":"standard","meta":{"_jetpack_memberships_contains_paid_content":false,"footnotes":""},"categories":[2],"tags":[],"class_list":["post-20072","post","type-post","status-publish","format-standard","has-post-thumbnail","hentry","category-estado"],"jetpack_featured_media_url":"https:\/\/encuentroinformativo.com.mx\/wp-content\/uploads\/2021\/11\/4D358099-018D-4D20-AB48-BAE6CECAE704.jpeg","jetpack_sharing_enabled":true,"jetpack_likes_enabled":true,"amp_enabled":true,"_links":{"self":[{"href":"https:\/\/encuentroinformativo.com.mx\/index.php?rest_route=\/wp\/v2\/posts\/20072","targetHints":{"allow":["GET"]}}],"collection":[{"href":"https:\/\/encuentroinformativo.com.mx\/index.php?rest_route=\/wp\/v2\/posts"}],"about":[{"href":"https:\/\/encuentroinformativo.com.mx\/index.php?rest_route=\/wp\/v2\/types\/post"}],"author":[{"embeddable":true,"href":"https:\/\/encuentroinformativo.com.mx\/index.php?rest_route=\/wp\/v2\/users\/1"}],"replies":[{"embeddable":true,"href":"https:\/\/encuentroinformativo.com.mx\/index.php?rest_route=%2Fwp%2Fv2%2Fcomments&post=20072"}],"version-history":[{"count":1,"href":"https:\/\/encuentroinformativo.com.mx\/index.php?rest_route=\/wp\/v2\/posts\/20072\/revisions"}],"predecessor-version":[{"id":20074,"href":"https:\/\/encuentroinformativo.com.mx\/index.php?rest_route=\/wp\/v2\/posts\/20072\/revisions\/20074"}],"wp:featuredmedia":[{"embeddable":true,"href":"https:\/\/encuentroinformativo.com.mx\/index.php?rest_route=\/wp\/v2\/media\/20073"}],"wp:attachment":[{"href":"https:\/\/encuentroinformativo.com.mx\/index.php?rest_route=%2Fwp%2Fv2%2Fmedia&parent=20072"}],"wp:term":[{"taxonomy":"category","embeddable":true,"href":"https:\/\/encuentroinformativo.com.mx\/index.php?rest_route=%2Fwp%2Fv2%2Fcategories&post=20072"},{"taxonomy":"post_tag","embeddable":true,"href":"https:\/\/encuentroinformativo.com.mx\/index.php?rest_route=%2Fwp%2Fv2%2Ftags&post=20072"}],"curies":[{"name":"wp","href":"https:\/\/api.w.org\/{rel}","templated":true}]}}