{"id":20075,"date":"2021-11-05T14:34:38","date_gmt":"2021-11-05T20:34:38","guid":{"rendered":"https:\/\/encuentroinformativo.com.mx\/?p=20075"},"modified":"2021-11-05T14:34:41","modified_gmt":"2021-11-05T20:34:41","slug":"pide-bingen-rementeria-comisiones-equitativas-en-el-congreso","status":"publish","type":"post","link":"https:\/\/encuentroinformativo.com.mx\/?p=20075","title":{"rendered":"Pide Bingen Rementer\u00eda comisiones \u201cequitativas\u201d en el Congreso"},"content":{"rendered":"\n<p><strong>Alejandro \u00c1vila<\/strong><\/p>\n\n\n\n<p>Veracruz, Ver.- Las pr\u00f3ximas comisiones en el Congreso de Veracruz deben repartirse de manera equitativa y a lo que representa cada fuerza pol\u00edtica, mencion\u00f3 el diputado local, Bingen Rementer\u00eda Molina.<\/p>\n\n\n\n<p>Destac\u00f3 que la Legislatura es por excelencia el lugar de la democracia, del di\u00e1logo y del concenso, por lo que exhort\u00f3 al MORENA quien tiene la mayor\u00eda en el Congreso,\u00a0<\/p>\n\n\n\n<p>&#8220;Es importante que no suceda lo de la Legislatura pasada, donde hab\u00eda comisiones que estaban integradas por puros diputados de MORENA y no hab\u00eda ni siquiera oportunidad de opinar, de platicar, de lograr un acuerdo, de concensar. Esperemos que esto no pase en esta Legislatura, y ese es el llamado que hacemos a MORENA&#8221;, subray\u00f3.<\/p>\n\n\n\n<p>En cuanto al Grupo Legislativo del PAN, que tendr\u00e1 como coordinador a Oth\u00f3n Hern\u00e1ndez Candanedo, asegur\u00f3 que pese a la elecci\u00f3n interna que se avecina en diciembre, los diputados del blanquiazul est\u00e1n unidos.<\/p>\n\n\n\n<p>&#8220;La verdad es que los nueve diputados que somos, tenemos claro que en el PAN somos uno solo, tenemos claro que el enemigo est\u00e1 afuera, tenemos claro que hay que sacar a MORENA del gobierno y de sus desastrozos resultados que est\u00e1 dando a Veracruz&#8221;, asest\u00f3 Rementer\u00eda Molina.<\/p>\n","protected":false},"excerpt":{"rendered":"<p>Alejandro \u00c1vila Veracruz, Ver.- Las pr\u00f3ximas comisiones en el Congreso de Veracruz deben repartirse de manera equitativa y a lo que representa cada fuerza pol\u00edtica, mencion\u00f3 el diputado local, Bingen Rementer\u00eda Molina. Destac\u00f3 que la Legislatura es por excelencia el lugar de la democracia, del di\u00e1logo y del concenso, por lo que exhort\u00f3 al MORENA [&hellip;]<\/p>\n","protected":false},"author":1,"featured_media":20076,"comment_status":"open","ping_status":"open","sticky":false,"template":"","format":"standard","meta":{"_jetpack_memberships_contains_paid_content":false,"footnotes":""},"categories":[2],"tags":[],"class_list":["post-20075","post","type-post","status-publish","format-standard","has-post-thumbnail","hentry","category-estado"],"jetpack_featured_media_url":"https:\/\/encuentroinformativo.com.mx\/wp-content\/uploads\/2021\/11\/7CFC5BF8-9312-4514-A7FD-2537F590AF7E.jpeg","jetpack_sharing_enabled":true,"jetpack_likes_enabled":true,"amp_enabled":true,"_links":{"self":[{"href":"https:\/\/encuentroinformativo.com.mx\/index.php?rest_route=\/wp\/v2\/posts\/20075","targetHints":{"allow":["GET"]}}],"collection":[{"href":"https:\/\/encuentroinformativo.com.mx\/index.php?rest_route=\/wp\/v2\/posts"}],"about":[{"href":"https:\/\/encuentroinformativo.com.mx\/index.php?rest_route=\/wp\/v2\/types\/post"}],"author":[{"embeddable":true,"href":"https:\/\/encuentroinformativo.com.mx\/index.php?rest_route=\/wp\/v2\/users\/1"}],"replies":[{"embeddable":true,"href":"https:\/\/encuentroinformativo.com.mx\/index.php?rest_route=%2Fwp%2Fv2%2Fcomments&post=20075"}],"version-history":[{"count":1,"href":"https:\/\/encuentroinformativo.com.mx\/index.php?rest_route=\/wp\/v2\/posts\/20075\/revisions"}],"predecessor-version":[{"id":20077,"href":"https:\/\/encuentroinformativo.com.mx\/index.php?rest_route=\/wp\/v2\/posts\/20075\/revisions\/20077"}],"wp:featuredmedia":[{"embeddable":true,"href":"https:\/\/encuentroinformativo.com.mx\/index.php?rest_route=\/wp\/v2\/media\/20076"}],"wp:attachment":[{"href":"https:\/\/encuentroinformativo.com.mx\/index.php?rest_route=%2Fwp%2Fv2%2Fmedia&parent=20075"}],"wp:term":[{"taxonomy":"category","embeddable":true,"href":"https:\/\/encuentroinformativo.com.mx\/index.php?rest_route=%2Fwp%2Fv2%2Fcategories&post=20075"},{"taxonomy":"post_tag","embeddable":true,"href":"https:\/\/encuentroinformativo.com.mx\/index.php?rest_route=%2Fwp%2Fv2%2Ftags&post=20075"}],"curies":[{"name":"wp","href":"https:\/\/api.w.org\/{rel}","templated":true}]}}