{"id":20081,"date":"2021-11-05T15:20:39","date_gmt":"2021-11-05T21:20:39","guid":{"rendered":"https:\/\/encuentroinformativo.com.mx\/?p=20081"},"modified":"2021-11-05T15:20:43","modified_gmt":"2021-11-05T21:20:43","slug":"discusion-de-reforma-electrica-se-aplazo-para-2022-anilu","status":"publish","type":"post","link":"https:\/\/encuentroinformativo.com.mx\/?p=20081","title":{"rendered":"Discusi\u00f3n de reforma el\u00e9ctrica se aplaz\u00f3 para 2022: Anil\u00fa"},"content":{"rendered":"\n<p><strong>Alejandro \u00c1vila<\/strong><\/p>\n\n\n\n<p>Veracruz, Ver.- La coordinadora del Grupo Parlamentario del PRI en el Congreso de Veracruz, Anil\u00fa Ingram Vallines, le record\u00f3 al Gobernador que la discusi\u00f3n de la Reforma El\u00e9ctrica se aplaz\u00f3 para abril del 2022 a petici\u00f3n de su partido, MORENA.<\/p>\n\n\n\n<p>&#8220;Primero se debe dar curso en San L\u00e1zaro, en el caso de que fuera aprobada pasar\u00eda, como lo marcan para una reforma constitucional, tendr\u00e1 que ser aprobada por el 50 m\u00e1s uno de los estados. Ayer el grupo de la mayor\u00eda en San L\u00e1zaro aplaz\u00f3 la discusi\u00f3n de la reforma el\u00e9ctrica hasta el mes de abril, hay que esperar los tiempos&#8221;, se\u00f1al\u00f3.<\/p>\n\n\n\n<p>La veracruzana dijo que deben ser respetuosos de los tiempos legislativos y cuando se tenga que analizar y votar, as\u00ed lo har\u00e1n.<\/p>\n\n\n\n<p>En otra tema, dijo que el diputado Miguel Hermida deber\u00e1 definir si estar\u00e1 en la bancada pri\u00edsta o con la del PAN, ya que si bien fue abanderado por el Tricolor, es panista.<\/p>\n\n\n\n<p>Lo que s\u00ed dej\u00f3 claro es que la bancada pri\u00edsta est\u00e1 compuesta por Marlon Ram\u00edrez Mar\u00edn, Ariadna \u00c1ngeles y ella, &#8221; vamos viendo en el camino c\u00f3mo vamos avanzando&#8221;.<\/p>\n","protected":false},"excerpt":{"rendered":"<p>Alejandro \u00c1vila Veracruz, Ver.- La coordinadora del Grupo Parlamentario del PRI en el Congreso de Veracruz, Anil\u00fa Ingram Vallines, le record\u00f3 al Gobernador que la discusi\u00f3n de la Reforma El\u00e9ctrica se aplaz\u00f3 para abril del 2022 a petici\u00f3n de su partido, MORENA. &#8220;Primero se debe dar curso en San L\u00e1zaro, en el caso de que [&hellip;]<\/p>\n","protected":false},"author":1,"featured_media":20082,"comment_status":"open","ping_status":"open","sticky":false,"template":"","format":"standard","meta":{"_jetpack_memberships_contains_paid_content":false,"footnotes":""},"categories":[2],"tags":[],"class_list":["post-20081","post","type-post","status-publish","format-standard","has-post-thumbnail","hentry","category-estado"],"jetpack_featured_media_url":"https:\/\/encuentroinformativo.com.mx\/wp-content\/uploads\/2021\/11\/5D21C33A-B300-40E0-AA6E-C1CDA60EE17B.jpeg","jetpack_sharing_enabled":true,"jetpack_likes_enabled":true,"amp_enabled":true,"_links":{"self":[{"href":"https:\/\/encuentroinformativo.com.mx\/index.php?rest_route=\/wp\/v2\/posts\/20081","targetHints":{"allow":["GET"]}}],"collection":[{"href":"https:\/\/encuentroinformativo.com.mx\/index.php?rest_route=\/wp\/v2\/posts"}],"about":[{"href":"https:\/\/encuentroinformativo.com.mx\/index.php?rest_route=\/wp\/v2\/types\/post"}],"author":[{"embeddable":true,"href":"https:\/\/encuentroinformativo.com.mx\/index.php?rest_route=\/wp\/v2\/users\/1"}],"replies":[{"embeddable":true,"href":"https:\/\/encuentroinformativo.com.mx\/index.php?rest_route=%2Fwp%2Fv2%2Fcomments&post=20081"}],"version-history":[{"count":1,"href":"https:\/\/encuentroinformativo.com.mx\/index.php?rest_route=\/wp\/v2\/posts\/20081\/revisions"}],"predecessor-version":[{"id":20083,"href":"https:\/\/encuentroinformativo.com.mx\/index.php?rest_route=\/wp\/v2\/posts\/20081\/revisions\/20083"}],"wp:featuredmedia":[{"embeddable":true,"href":"https:\/\/encuentroinformativo.com.mx\/index.php?rest_route=\/wp\/v2\/media\/20082"}],"wp:attachment":[{"href":"https:\/\/encuentroinformativo.com.mx\/index.php?rest_route=%2Fwp%2Fv2%2Fmedia&parent=20081"}],"wp:term":[{"taxonomy":"category","embeddable":true,"href":"https:\/\/encuentroinformativo.com.mx\/index.php?rest_route=%2Fwp%2Fv2%2Fcategories&post=20081"},{"taxonomy":"post_tag","embeddable":true,"href":"https:\/\/encuentroinformativo.com.mx\/index.php?rest_route=%2Fwp%2Fv2%2Ftags&post=20081"}],"curies":[{"name":"wp","href":"https:\/\/api.w.org\/{rel}","templated":true}]}}