{"id":2009,"date":"2020-04-21T14:57:59","date_gmt":"2020-04-21T19:57:59","guid":{"rendered":"https:\/\/encuentroinformativo.com\/?p=2009"},"modified":"2020-04-21T14:58:02","modified_gmt":"2020-04-21T19:58:02","slug":"se-ha-logrado-sofocar-incendios-forestales-afirma-pc","status":"publish","type":"post","link":"https:\/\/encuentroinformativo.com.mx\/?p=2009","title":{"rendered":"Se ha logrado sofocar incendios forestales, afirma PC"},"content":{"rendered":"\n<p><strong>Dar\u00edo Pale<\/strong> <\/p>\n\n\n\n<p>Xalapa, Ver.- La titular de la Secretar\u00eda de Protecci\u00f3n Civil de Veracruz (PC), Guadalupe Osorno Maldonado dio a conocer que pese a los incendios que se han registrado en el estado a\u00fan est\u00e1n a la mitad de incendios y hect\u00e1reas afectadas.<\/p>\n\n\n\n<p>Entrevistada en las calles del centro de la ciudad se\u00f1al\u00f3 que hubo varios incendios peque\u00f1os que estuvieron controlando como lo fueron en Tlilapan, Soconusco, y en las Vigas, donde fueron incendios que se lograron sofocar de manera r\u00e1pida.<\/p>\n\n\n\n<p>Los incendios que tardaron m\u00e1s como lo fue Maltrata, y San Andr\u00e9s Tenejapan los cuales abarcaron cerca de 800 hect\u00e1reas y a\u00fan est\u00e1n a la mitad de hect\u00e1reas y de incendios de la temporada pasada por lo que la llevan de cierta forma tranquila.<\/p>\n\n\n\n<p>Reiter\u00f3 el llamado a la ciudadan\u00eda para que no salgan de su casa ya que a parte de la pandemia con las altas temperaturas hay estiaje pese a que a\u00fan no es la temporada y evitar alg\u00fan golpe de calor o deshidrataci\u00f3n y sobre todo que guarde su sana distancia.<\/p>\n\n\n\n<p>Finalmente dio a conocer que en d\u00edas pasados hubo un reporte de un incendio de cachaza en Atoyac el cual despu\u00e9s de verificar constataron que fue falsa alarma por lo que contin\u00faan pendientes.<\/p>\n\n\n\n<p><\/p>\n","protected":false},"excerpt":{"rendered":"<p>Dar\u00edo Pale Xalapa, Ver.- La titular de la Secretar\u00eda de Protecci\u00f3n Civil de Veracruz (PC), Guadalupe Osorno Maldonado dio a conocer que pese a los incendios que se han registrado en el estado a\u00fan est\u00e1n a la mitad de incendios y hect\u00e1reas afectadas. Entrevistada en las calles del centro de la ciudad se\u00f1al\u00f3 que hubo [&hellip;]<\/p>\n","protected":false},"author":1,"featured_media":2010,"comment_status":"open","ping_status":"open","sticky":false,"template":"","format":"standard","meta":{"_jetpack_memberships_contains_paid_content":false,"footnotes":""},"categories":[2],"tags":[],"class_list":["post-2009","post","type-post","status-publish","format-standard","has-post-thumbnail","hentry","category-estado"],"jetpack_featured_media_url":"https:\/\/encuentroinformativo.com.mx\/wp-content\/uploads\/2020\/04\/E0E259B6-319A-46D3-850F-804B75C01C28.jpeg","jetpack_sharing_enabled":true,"jetpack_likes_enabled":true,"amp_enabled":true,"_links":{"self":[{"href":"https:\/\/encuentroinformativo.com.mx\/index.php?rest_route=\/wp\/v2\/posts\/2009","targetHints":{"allow":["GET"]}}],"collection":[{"href":"https:\/\/encuentroinformativo.com.mx\/index.php?rest_route=\/wp\/v2\/posts"}],"about":[{"href":"https:\/\/encuentroinformativo.com.mx\/index.php?rest_route=\/wp\/v2\/types\/post"}],"author":[{"embeddable":true,"href":"https:\/\/encuentroinformativo.com.mx\/index.php?rest_route=\/wp\/v2\/users\/1"}],"replies":[{"embeddable":true,"href":"https:\/\/encuentroinformativo.com.mx\/index.php?rest_route=%2Fwp%2Fv2%2Fcomments&post=2009"}],"version-history":[{"count":1,"href":"https:\/\/encuentroinformativo.com.mx\/index.php?rest_route=\/wp\/v2\/posts\/2009\/revisions"}],"predecessor-version":[{"id":2011,"href":"https:\/\/encuentroinformativo.com.mx\/index.php?rest_route=\/wp\/v2\/posts\/2009\/revisions\/2011"}],"wp:featuredmedia":[{"embeddable":true,"href":"https:\/\/encuentroinformativo.com.mx\/index.php?rest_route=\/wp\/v2\/media\/2010"}],"wp:attachment":[{"href":"https:\/\/encuentroinformativo.com.mx\/index.php?rest_route=%2Fwp%2Fv2%2Fmedia&parent=2009"}],"wp:term":[{"taxonomy":"category","embeddable":true,"href":"https:\/\/encuentroinformativo.com.mx\/index.php?rest_route=%2Fwp%2Fv2%2Fcategories&post=2009"},{"taxonomy":"post_tag","embeddable":true,"href":"https:\/\/encuentroinformativo.com.mx\/index.php?rest_route=%2Fwp%2Fv2%2Ftags&post=2009"}],"curies":[{"name":"wp","href":"https:\/\/api.w.org\/{rel}","templated":true}]}}