{"id":20097,"date":"2021-11-05T16:55:21","date_gmt":"2021-11-05T22:55:21","guid":{"rendered":"https:\/\/encuentroinformativo.com.mx\/?p=20097"},"modified":"2021-11-05T16:57:34","modified_gmt":"2021-11-05T22:57:34","slug":"coordinara-anilu-ingram-bancada-de-pri","status":"publish","type":"post","link":"https:\/\/encuentroinformativo.com.mx\/?p=20097","title":{"rendered":"Coordinar\u00e1 Anil\u00fa Ingram bancada del PRI"},"content":{"rendered":"\n<p>Xalapa, Ver.- Luego de la sesi\u00f3n solemne de instalaci\u00f3n de la LXVI Legislatura Local, la diputada Anil\u00fa Ingram Vallines ser\u00e1 la coordinadora del Grupo Legislativo del Partido Revolucionario Institucional (PRI).<br>Marlon Ram\u00edrez Mar\u00edn, dirigente estatal del partido tricolor y tambi\u00e9n diputado local dio a conocer el nombramiento de la legisladora plurinominal.<\/p>\n\n\n\n<p>Anil\u00fa Ingram fue diputada federal en la LXIV Legislatura, donde adem\u00e1s se desempe\u00f1\u00f3 como Vicecoordinadora de la bancada, aunado a que fue calificada como una de las cinco legisladoras priistas m\u00e1s productiva de esos tres a\u00f1os.<\/p>\n\n\n\n<p>De 2013 a 2015, form\u00f3 parte de la LXIII Legislatura veracruzana, en donde fungi\u00f3 como Presidenta de la Mesa Directiva.<\/p>\n\n\n\n<p>\u201cTendremos una agenda importante, emanada de las verdaderas inquietudes y necesidades de la sociedad.&nbsp; Los priistas haremos un gran equipo para enfrentar los grandes retos que tiene hoy Veracruz, porque el estado nos necesita a todos. Los priistas actuaremos con altura de miras, privilegiando siempre el di\u00e1logo\u201d, manifest\u00f3 al tiempo que recalc\u00f3 que ser\u00e1n una oposici\u00f3n responsable, apoyando todo lo que sea en beneficio de las familias veracruzanas y en contra de lo que las da\u00f1e.<\/p>\n\n\n\n<p>Durante la sesi\u00f3n solemne se nombr\u00f3 a la Diputada Arianna \u00c1ngeles Aguirre como Secretaria de la Mesa Directiva.\u00b4<\/p>\n\n\n\n<p><\/p>\n","protected":false},"excerpt":{"rendered":"<p>Xalapa, Ver.- Luego de la sesi\u00f3n solemne de instalaci\u00f3n de la LXVI Legislatura Local, la diputada Anil\u00fa Ingram Vallines ser\u00e1 la coordinadora del Grupo Legislativo del Partido Revolucionario Institucional (PRI).Marlon Ram\u00edrez Mar\u00edn, dirigente estatal del partido tricolor y tambi\u00e9n diputado local dio a conocer el nombramiento de la legisladora plurinominal. Anil\u00fa Ingram fue diputada federal [&hellip;]<\/p>\n","protected":false},"author":1,"featured_media":20098,"comment_status":"open","ping_status":"open","sticky":false,"template":"","format":"standard","meta":{"_jetpack_memberships_contains_paid_content":false,"footnotes":""},"categories":[2],"tags":[],"class_list":["post-20097","post","type-post","status-publish","format-standard","has-post-thumbnail","hentry","category-estado"],"jetpack_featured_media_url":"https:\/\/encuentroinformativo.com.mx\/wp-content\/uploads\/2021\/11\/96E78132-6937-4717-8F53-F934756B57AD.jpeg","jetpack_sharing_enabled":true,"jetpack_likes_enabled":true,"amp_enabled":true,"_links":{"self":[{"href":"https:\/\/encuentroinformativo.com.mx\/index.php?rest_route=\/wp\/v2\/posts\/20097","targetHints":{"allow":["GET"]}}],"collection":[{"href":"https:\/\/encuentroinformativo.com.mx\/index.php?rest_route=\/wp\/v2\/posts"}],"about":[{"href":"https:\/\/encuentroinformativo.com.mx\/index.php?rest_route=\/wp\/v2\/types\/post"}],"author":[{"embeddable":true,"href":"https:\/\/encuentroinformativo.com.mx\/index.php?rest_route=\/wp\/v2\/users\/1"}],"replies":[{"embeddable":true,"href":"https:\/\/encuentroinformativo.com.mx\/index.php?rest_route=%2Fwp%2Fv2%2Fcomments&post=20097"}],"version-history":[{"count":2,"href":"https:\/\/encuentroinformativo.com.mx\/index.php?rest_route=\/wp\/v2\/posts\/20097\/revisions"}],"predecessor-version":[{"id":20100,"href":"https:\/\/encuentroinformativo.com.mx\/index.php?rest_route=\/wp\/v2\/posts\/20097\/revisions\/20100"}],"wp:featuredmedia":[{"embeddable":true,"href":"https:\/\/encuentroinformativo.com.mx\/index.php?rest_route=\/wp\/v2\/media\/20098"}],"wp:attachment":[{"href":"https:\/\/encuentroinformativo.com.mx\/index.php?rest_route=%2Fwp%2Fv2%2Fmedia&parent=20097"}],"wp:term":[{"taxonomy":"category","embeddable":true,"href":"https:\/\/encuentroinformativo.com.mx\/index.php?rest_route=%2Fwp%2Fv2%2Fcategories&post=20097"},{"taxonomy":"post_tag","embeddable":true,"href":"https:\/\/encuentroinformativo.com.mx\/index.php?rest_route=%2Fwp%2Fv2%2Ftags&post=20097"}],"curies":[{"name":"wp","href":"https:\/\/api.w.org\/{rel}","templated":true}]}}