{"id":20101,"date":"2021-11-05T19:52:45","date_gmt":"2021-11-06T01:52:45","guid":{"rendered":"https:\/\/encuentroinformativo.com.mx\/?p=20101"},"modified":"2021-11-05T19:52:48","modified_gmt":"2021-11-06T01:52:48","slug":"legislador-oaxaqueno-detenido-en-veracruz-es-investigado","status":"publish","type":"post","link":"https:\/\/encuentroinformativo.com.mx\/?p=20101","title":{"rendered":"Legislador oaxaque\u00f1o detenido en Veracruz es investigado"},"content":{"rendered":"\n<p><strong>Juan Arcos<\/strong><\/p>\n\n\n\n<p>Xalapa, Ver.- El gobernador de Veracruz, Cuitl\u00e1huac Garc\u00eda Jim\u00e9nez, confirm\u00f3 la detenci\u00f3n del diputado local de Oaxaca, Gustavo D\u00edaz S\u00e1nchez, en el municipio de Fort\u00edn, ubicado en la zona centro del estado.<\/p>\n\n\n\n<p>En conferencia de prensa, el mandatario estatal inform\u00f3 que el funcionario fue detenido durante el jueves 4 de noviembre y, en un evento distinto, tambi\u00e9n fueron arrestados dos j\u00f3venes; uno de ellos result\u00f3 ser hijo del Legislador oaxaque\u00f1o.<\/p>\n\n\n\n<p>Desde Palacio de Gobierno, el titular del Poder Ejecutivo indic\u00f3 que el Diputado local fue capturado por el presunto delito de portaci\u00f3n de arma de fuego, de uso exclusivo del Ej\u00e9rcito.<\/p>\n\n\n\n<p>Tambi\u00e9n coment\u00f3 que hay indicios de que el Legislador y su hijo son l\u00edderes de una organizaci\u00f3n delictiva y, por ello, la Fiscal\u00eda General del Estado (FGE) lleva a cabo las investigaciones pertinentes.<\/p>\n\n\n\n<p>\u201cEstamos indagando porque fue curioso que, una vez que se detuvieron, empezaran algunas personas, entre malandros y gente a bloquear casetas sobretodo en Oaxaca, la entrada a Tuxptepec, en Tezonapa, en Omealca, incendiaran algunos veh\u00edculos y eso es lo que tenemos que investigar, se va a investigar, pensamos que hay relaci\u00f3n y nos crece la sospecha de la comisi\u00f3n de otros delitos\u201d, expres\u00f3.<\/p>\n\n\n\n<p>Cabe recordar que, durante el mismo jueves, grupos de personas prendieron fuego a llantas y bloquearon carreteras en el municipio de Tezonapa, mismo que colinda con el estado de Oaxaca.<\/p>\n\n\n\n<p>\u201cAlgunas personas delinqu\u00edan en esta regi\u00f3n pas\u00e1ndose de un lado a otro (Oaxaca y Veracruz), o sorpresa, ac\u00e1 en Veracruz se aplica la ley parejo, nosotros tenemos que actuar as\u00ed, respetando derechos. Aqu\u00ed no hay privilegios, nadie encima de la ley, vamos parejos\u201d, a\u00f1adi\u00f3.<\/p>\n\n\n\n<p>Garc\u00eda Jim\u00e9nez refiri\u00f3 que el Diputado local carece de fuero constitucional en el estado de Veracruz y, por ende, se ha iniciado una investigaci\u00f3n en su contra.<\/p>\n\n\n\n<p>Adem\u00e1s, mencion\u00f3 que mantiene una buena relaci\u00f3n con el gobernador de Oaxaca, Alejandro Murat; sin embargo, consider\u00f3 innecesario dialogar sobre dicha detenci\u00f3n, toda vez que en esta entidad se aplica la ley sin distinciones.<\/p>\n\n\n\n<p>\u201cEn estos hechos se act\u00faa conforme a derecho, son presuntos responsables de la comisi\u00f3n de ciertos delitos y no tendr\u00edamos por qu\u00e9 comunicarnos a este nivel (con el gobernador de Oaxaca)\u201d, remat\u00f3.<\/p>\n","protected":false},"excerpt":{"rendered":"<p>Juan Arcos Xalapa, Ver.- El gobernador de Veracruz, Cuitl\u00e1huac Garc\u00eda Jim\u00e9nez, confirm\u00f3 la detenci\u00f3n del diputado local de Oaxaca, Gustavo D\u00edaz S\u00e1nchez, en el municipio de Fort\u00edn, ubicado en la zona centro del estado. En conferencia de prensa, el mandatario estatal inform\u00f3 que el funcionario fue detenido durante el jueves 4 de noviembre y, en [&hellip;]<\/p>\n","protected":false},"author":1,"featured_media":20102,"comment_status":"open","ping_status":"open","sticky":false,"template":"","format":"standard","meta":{"_jetpack_memberships_contains_paid_content":false,"footnotes":""},"categories":[14],"tags":[],"class_list":["post-20101","post","type-post","status-publish","format-standard","has-post-thumbnail","hentry","category-policiaca"],"jetpack_featured_media_url":"https:\/\/encuentroinformativo.com.mx\/wp-content\/uploads\/2021\/11\/7D33E95C-87B2-44F5-8E71-CFAF33CDED2D.jpeg","jetpack_sharing_enabled":true,"jetpack_likes_enabled":true,"amp_enabled":true,"_links":{"self":[{"href":"https:\/\/encuentroinformativo.com.mx\/index.php?rest_route=\/wp\/v2\/posts\/20101","targetHints":{"allow":["GET"]}}],"collection":[{"href":"https:\/\/encuentroinformativo.com.mx\/index.php?rest_route=\/wp\/v2\/posts"}],"about":[{"href":"https:\/\/encuentroinformativo.com.mx\/index.php?rest_route=\/wp\/v2\/types\/post"}],"author":[{"embeddable":true,"href":"https:\/\/encuentroinformativo.com.mx\/index.php?rest_route=\/wp\/v2\/users\/1"}],"replies":[{"embeddable":true,"href":"https:\/\/encuentroinformativo.com.mx\/index.php?rest_route=%2Fwp%2Fv2%2Fcomments&post=20101"}],"version-history":[{"count":1,"href":"https:\/\/encuentroinformativo.com.mx\/index.php?rest_route=\/wp\/v2\/posts\/20101\/revisions"}],"predecessor-version":[{"id":20103,"href":"https:\/\/encuentroinformativo.com.mx\/index.php?rest_route=\/wp\/v2\/posts\/20101\/revisions\/20103"}],"wp:featuredmedia":[{"embeddable":true,"href":"https:\/\/encuentroinformativo.com.mx\/index.php?rest_route=\/wp\/v2\/media\/20102"}],"wp:attachment":[{"href":"https:\/\/encuentroinformativo.com.mx\/index.php?rest_route=%2Fwp%2Fv2%2Fmedia&parent=20101"}],"wp:term":[{"taxonomy":"category","embeddable":true,"href":"https:\/\/encuentroinformativo.com.mx\/index.php?rest_route=%2Fwp%2Fv2%2Fcategories&post=20101"},{"taxonomy":"post_tag","embeddable":true,"href":"https:\/\/encuentroinformativo.com.mx\/index.php?rest_route=%2Fwp%2Fv2%2Ftags&post=20101"}],"curies":[{"name":"wp","href":"https:\/\/api.w.org\/{rel}","templated":true}]}}