{"id":20112,"date":"2021-11-07T12:21:53","date_gmt":"2021-11-07T18:21:53","guid":{"rendered":"https:\/\/encuentroinformativo.com.mx\/?p=20112"},"modified":"2021-11-07T12:21:58","modified_gmt":"2021-11-07T18:21:58","slug":"intentando-salvar-el-futuro","status":"publish","type":"post","link":"https:\/\/encuentroinformativo.com.mx\/?p=20112","title":{"rendered":"Intentando salvar el futuro"},"content":{"rendered":"\n<p><strong>Zaira Rosas<\/strong><\/p>\n\n\n\n<p>La Conferencia de la Naciones Unidas sobre el Cambio Clim\u00e1tico de 2021, mejor conocida como \u201cCOP 26\u201d se desarrolla del 31 de octubre hasta el 12 de noviembre, en la ciudad de Glasgow, Escocia, con la intenci\u00f3n de atender de manera colectiva entre las Naciones, todo lo referente al cambio clim\u00e1tico y el cuidado del medio ambiente, temas de suma urgencia e importancia, pero que en la mayor parte del mundo se siguen tratando como algo que a\u00fan puede esperar, cuya resoluci\u00f3n m\u00e1gica llegar\u00e1 a medida que se desarrolla el mundo.\u00a0<\/p>\n\n\n\n<p>Contrario a esta creencia, los an\u00e1lisis de emisiones de gases de efecto invernadero, el desgaste de nuestros ecosistemas y otros par\u00e1metros ambientales, han demostrado que a medida que nuestra poblaci\u00f3n se desarrolla y se expande, tambi\u00e9n se incrementan los niveles de contaminaci\u00f3n, por ende, la posibilidad de que nosotros mismos como especie seamos los creadores de nuestra propia extinci\u00f3n.&nbsp;<\/p>\n\n\n\n<p>Escenarios de pel\u00edculas como \u201cEl d\u00eda despu\u00e9s del ma\u00f1ana\u201d no son del todo ficci\u00f3n si pensamos en las consecuencias dr\u00e1sticas que enfrentamos actualmente derivadas de un desequilibrio ambiental, para tratar de aminorar estos efectos es indispensable que las regulaciones de los gobiernos obliguen a la sociedad y sobre todo a la industria a disminuir&nbsp;emisiones de quema de carb\u00f3n, petr\u00f3leo y gas.&nbsp;<\/p>\n\n\n\n<p>Lo anterior evidencia que M\u00e9xico tiene un gran deterioro en este punto, pues mientras uno de los objetivos de esta conferencia es reducir el uso de combustibles f\u00f3siles, en nuestro pa\u00eds uno de los grandes proyectos productivos va encaminado a incrementar la producci\u00f3n de este tipo de combustibles. Lo que a ciencia cierta demuestra nuestro atraso, justific\u00e1ndolo bajo la necesidad de generar empleos y fortalecer la econom\u00eda.<\/p>\n\n\n\n<p>Este punto tambi\u00e9n se pone en eterno debate al frente de la COP 26, pues los pa\u00edses m\u00e1s pobres o vulnerables, incluido M\u00e9xico, esperan que los pa\u00edses de primer mundo les brinden los recursos necesarios para poder invertir en cuidado ambiental. Lo cierto es que justo como en todo lo dem\u00e1s, son los sectores m\u00e1s vulnerables los que terminan siendo afectados por actividades y comportamientos de quienes tienen un mayor desarrollo.&nbsp;<\/p>\n\n\n\n<p>Respecto a todo lo anterior se manifest\u00f3 Greta Thunberg, la joven activista que clasific\u00f3 a la COP 26 de \u201cbla bla bla\u201d, una reuni\u00f3n donde todos participan pero realmente no se acuerda nada que reduzca de manera real al cambio clim\u00e1tico, hizo un llamado a la sociedad en general pero principalmente a los j\u00f3venes a ser&nbsp;part\u00edcipes del cambio que se necesita para preservar nuestro mundo, y dijo muy atinadamente: \u201csabemos que nuestros emperadores est\u00e1n desnudos\u201d, haciendo alusi\u00f3n al cuento del traje del rey en el cual todo mundo fing\u00eda vislumbrar un traje inexistente, en este caso ya no se puede fingir que creemos que esto se solucionar\u00e1 con avances repentinos y estamos viviendo de manera directa las consecuencias de tanta omisi\u00f3n.&nbsp;<\/p>\n\n\n\n<p>Podr\u00edamos creernos infinidad de teor\u00edas de conspiraci\u00f3n de c\u00f3mo el poder se ha encargado de destruir nuestro mundo, pero la realidad es que todos somos igualmente responsables de la inconciencia que nos ha hecho llegar hasta este punto, si no comenzamos a tomar acciones inmediatas como sociedad desde nuestros h\u00e1bitos de consumo, tendremos que enfrentar un incremento en olas de calor, la escasez del agua y grandes sequ\u00edas, que a su vez originan desabastos, los cuales como siempre terminan afectando a quienes menos tienen.&nbsp;<\/p>\n\n\n\n<p>Aunado a los temas anteriores est\u00e1n los pueblos ind\u00edgenas, pues por lo general son sus tierras y reservas las que se explotan en un supuesto beneficio de la econom\u00eda, pero olvidando el impacto ambiental. El tema en s\u00ed deber\u00eda ser portada internacional, pero poco se aborda, poco le damos atenci\u00f3n y mucho afecta nuestro presente y futuro. Urge que nuestros gobiernos tomen medidas reales al respecto, pero m\u00e1s importante es que en lo individual seamos conscientes de nuestro impacto y actuemos con responsabilidad, pensando en alcanzar un futuro.&nbsp;<\/p>\n","protected":false},"excerpt":{"rendered":"<p>Zaira Rosas La Conferencia de la Naciones Unidas sobre el Cambio Clim\u00e1tico de 2021, mejor conocida como \u201cCOP 26\u201d se desarrolla del 31 de octubre hasta el 12 de noviembre, en la ciudad de Glasgow, Escocia, con la intenci\u00f3n de atender de manera colectiva entre las Naciones, todo lo referente al cambio clim\u00e1tico y el [&hellip;]<\/p>\n","protected":false},"author":1,"featured_media":387,"comment_status":"open","ping_status":"open","sticky":false,"template":"","format":"standard","meta":{"_jetpack_memberships_contains_paid_content":false,"footnotes":""},"categories":[11],"tags":[],"class_list":["post-20112","post","type-post","status-publish","format-standard","has-post-thumbnail","hentry","category-opinion"],"jetpack_featured_media_url":"https:\/\/encuentroinformativo.com.mx\/wp-content\/uploads\/2020\/03\/7CF8A22B-2764-47BE-8F7F-38FE9E5D6A2F.jpeg","jetpack_sharing_enabled":true,"jetpack_likes_enabled":true,"amp_enabled":true,"_links":{"self":[{"href":"https:\/\/encuentroinformativo.com.mx\/index.php?rest_route=\/wp\/v2\/posts\/20112","targetHints":{"allow":["GET"]}}],"collection":[{"href":"https:\/\/encuentroinformativo.com.mx\/index.php?rest_route=\/wp\/v2\/posts"}],"about":[{"href":"https:\/\/encuentroinformativo.com.mx\/index.php?rest_route=\/wp\/v2\/types\/post"}],"author":[{"embeddable":true,"href":"https:\/\/encuentroinformativo.com.mx\/index.php?rest_route=\/wp\/v2\/users\/1"}],"replies":[{"embeddable":true,"href":"https:\/\/encuentroinformativo.com.mx\/index.php?rest_route=%2Fwp%2Fv2%2Fcomments&post=20112"}],"version-history":[{"count":1,"href":"https:\/\/encuentroinformativo.com.mx\/index.php?rest_route=\/wp\/v2\/posts\/20112\/revisions"}],"predecessor-version":[{"id":20113,"href":"https:\/\/encuentroinformativo.com.mx\/index.php?rest_route=\/wp\/v2\/posts\/20112\/revisions\/20113"}],"wp:featuredmedia":[{"embeddable":true,"href":"https:\/\/encuentroinformativo.com.mx\/index.php?rest_route=\/wp\/v2\/media\/387"}],"wp:attachment":[{"href":"https:\/\/encuentroinformativo.com.mx\/index.php?rest_route=%2Fwp%2Fv2%2Fmedia&parent=20112"}],"wp:term":[{"taxonomy":"category","embeddable":true,"href":"https:\/\/encuentroinformativo.com.mx\/index.php?rest_route=%2Fwp%2Fv2%2Fcategories&post=20112"},{"taxonomy":"post_tag","embeddable":true,"href":"https:\/\/encuentroinformativo.com.mx\/index.php?rest_route=%2Fwp%2Fv2%2Ftags&post=20112"}],"curies":[{"name":"wp","href":"https:\/\/api.w.org\/{rel}","templated":true}]}}