{"id":20114,"date":"2021-11-07T14:45:40","date_gmt":"2021-11-07T20:45:40","guid":{"rendered":"https:\/\/encuentroinformativo.com.mx\/?p=20114"},"modified":"2021-11-07T14:45:43","modified_gmt":"2021-11-07T20:45:43","slug":"joven-intento-suicidarse-en-iglesia","status":"publish","type":"post","link":"https:\/\/encuentroinformativo.com.mx\/?p=20114","title":{"rendered":"Joven intent\u00f3 suicidarse en Iglesia"},"content":{"rendered":"\n<p><strong>Juan Arcos<\/strong><\/p>\n\n\n\n<p>Xalapa, Ver.- Un joven de unos 25 a\u00f1os intent\u00f3 suicidarse desde la cima de una c\u00fapula de la iglesia de San Jos\u00e9, ubicada en el Centro Hist\u00f3rico de esta ciudad de Xalapa.<\/p>\n\n\n\n<p>Los hechos ocurrieron despu\u00e9s de las 12:00 horas de este domingo, donde elementos de la Secretar\u00eda de Seguridad P\u00fablica (PC), Protecci\u00f3n Civil Municipal y Bomberos de Xalapa desplegaron un operativo en la zona y, mediante acciones coordinadas, evitaron que la persona atentara contra su vida.<\/p>\n\n\n\n<p>Los rescatistas y servidores p\u00fablicos dialogaron con el muchacho, quien se identific\u00f3 como Rodrigo y se\u00f1al\u00f3 que hab\u00eda recibido amenazas de muerte y padecido una persecuci\u00f3n por parte de sujetos desconocidos.<\/p>\n\n\n\n<p>Tambi\u00e9n amag\u00f3 con arrojarse al vac\u00edo, desde una altura de aproximadamente diez metros, si interven\u00edan elementos de la Polic\u00eda Estatal.<\/p>\n\n\n\n<p>Pese a ello, un polic\u00eda se acerc\u00f3 hasta donde se encontraba Rodrigo, quien le solicit\u00f3 que llamara por tel\u00e9fono a su madre para informarle sobre la situaci\u00f3n hostil que hab\u00eda padecido durante los \u00faltimos d\u00edas.<\/p>\n\n\n\n<p>Despu\u00e9s de una hora, las fuerzas de tarea lograron controlar la situaci\u00f3n y convencieron al joven para que descendiera de la parte m\u00e1s alta de la capilla, ubicada entre las calles Xalape\u00f1os Ilustres y Alcalde y Garc\u00eda.<\/p>\n\n\n\n<p>Los polic\u00edas estatales cerraron las arterias vehiculares mencionadas, como parte del operativo para evitar que el joven atentara contra su vida.<\/p>\n\n\n\n<p>Posteriormente, Rodrigo fue trasladado por los polic\u00edas para que recibiera la atenci\u00f3n m\u00e9dica correspondiente.<\/p>\n\n\n\n<p>Cabe recordar que el pasado 21 de octubre, otro hombre se lanz\u00f3 del cuarto piso de un edificio en la zona del mercado \u201cAdolfo Ruiz Cortines\u201d, mejor conocido como \u201cLa Rotonda\u201d; pas\u00f3 m\u00e1s de una hora y los polic\u00edas no lograron evitar que se suicidara, pues posteriormente muri\u00f3 debido a la gravedad de sus lesiones.<\/p>\n","protected":false},"excerpt":{"rendered":"<p>Juan Arcos Xalapa, Ver.- Un joven de unos 25 a\u00f1os intent\u00f3 suicidarse desde la cima de una c\u00fapula de la iglesia de San Jos\u00e9, ubicada en el Centro Hist\u00f3rico de esta ciudad de Xalapa. Los hechos ocurrieron despu\u00e9s de las 12:00 horas de este domingo, donde elementos de la Secretar\u00eda de Seguridad P\u00fablica (PC), Protecci\u00f3n [&hellip;]<\/p>\n","protected":false},"author":1,"featured_media":20115,"comment_status":"open","ping_status":"open","sticky":false,"template":"","format":"standard","meta":{"_jetpack_memberships_contains_paid_content":false,"footnotes":""},"categories":[14],"tags":[],"class_list":["post-20114","post","type-post","status-publish","format-standard","has-post-thumbnail","hentry","category-policiaca"],"jetpack_featured_media_url":"https:\/\/encuentroinformativo.com.mx\/wp-content\/uploads\/2021\/11\/7A9FBAFD-D625-4200-B978-8D1993C0D127.jpeg","jetpack_sharing_enabled":true,"jetpack_likes_enabled":true,"amp_enabled":true,"_links":{"self":[{"href":"https:\/\/encuentroinformativo.com.mx\/index.php?rest_route=\/wp\/v2\/posts\/20114","targetHints":{"allow":["GET"]}}],"collection":[{"href":"https:\/\/encuentroinformativo.com.mx\/index.php?rest_route=\/wp\/v2\/posts"}],"about":[{"href":"https:\/\/encuentroinformativo.com.mx\/index.php?rest_route=\/wp\/v2\/types\/post"}],"author":[{"embeddable":true,"href":"https:\/\/encuentroinformativo.com.mx\/index.php?rest_route=\/wp\/v2\/users\/1"}],"replies":[{"embeddable":true,"href":"https:\/\/encuentroinformativo.com.mx\/index.php?rest_route=%2Fwp%2Fv2%2Fcomments&post=20114"}],"version-history":[{"count":1,"href":"https:\/\/encuentroinformativo.com.mx\/index.php?rest_route=\/wp\/v2\/posts\/20114\/revisions"}],"predecessor-version":[{"id":20116,"href":"https:\/\/encuentroinformativo.com.mx\/index.php?rest_route=\/wp\/v2\/posts\/20114\/revisions\/20116"}],"wp:featuredmedia":[{"embeddable":true,"href":"https:\/\/encuentroinformativo.com.mx\/index.php?rest_route=\/wp\/v2\/media\/20115"}],"wp:attachment":[{"href":"https:\/\/encuentroinformativo.com.mx\/index.php?rest_route=%2Fwp%2Fv2%2Fmedia&parent=20114"}],"wp:term":[{"taxonomy":"category","embeddable":true,"href":"https:\/\/encuentroinformativo.com.mx\/index.php?rest_route=%2Fwp%2Fv2%2Fcategories&post=20114"},{"taxonomy":"post_tag","embeddable":true,"href":"https:\/\/encuentroinformativo.com.mx\/index.php?rest_route=%2Fwp%2Fv2%2Ftags&post=20114"}],"curies":[{"name":"wp","href":"https:\/\/api.w.org\/{rel}","templated":true}]}}