{"id":20117,"date":"2021-11-07T15:13:15","date_gmt":"2021-11-07T21:13:15","guid":{"rendered":"https:\/\/encuentroinformativo.com.mx\/?p=20117"},"modified":"2021-11-07T15:13:19","modified_gmt":"2021-11-07T21:13:19","slug":"se-registro-incendio-en-oficinas-de-delegacion-sev","status":"publish","type":"post","link":"https:\/\/encuentroinformativo.com.mx\/?p=20117","title":{"rendered":"Se registr\u00f3 incendio en oficinas de delegaci\u00f3n SEV"},"content":{"rendered":"\n<p><strong>Juan Arcos<\/strong><\/p>\n\n\n\n<p>Xalapa, Ver.- Un incendio se registr\u00f3 en las oficinas de la delegaci\u00f3n de la Secretar\u00eda de Educaci\u00f3n de Veracruz (SEV) en el municipio de Coatepec.<\/p>\n\n\n\n<p>Despu\u00e9s de las 11:40 horas de este domingo 7 de noviembre, elementos del Benem\u00e9rito Cuerpo de Bomberos y la Regi\u00f3n recibieron el reporte por dicho siniestro y se trasladaron al sitio para sofocar el fuego.<\/p>\n\n\n\n<p>Esto ocurri\u00f3 sobre la calle Zaragoza, entre Allende y Ter\u00e1n del Pueblo M\u00e1gico, donde las oficinas de la dependencia estatal se encontraban abiertas, a pesar de ser d\u00eda inh\u00e1bil.<\/p>\n\n\n\n<p>El cami\u00f3n de bomberos fue estacionado afuera del edificio para utilizar las mangueras y sofocar el incendio.<\/p>\n\n\n\n<p>El fuego consumi\u00f3 documentos y parte del inmobiliario, pese a la oportuna respuesta de los bomberos; sin embargo, no hay reporte de personas lesionadas.<\/p>\n\n\n\n<p>Al lugar tambi\u00e9n arrib\u00f3 personal de Protecci\u00f3n Civil y polic\u00edas del ayuntamiento de Coatepec para coadyuvar en las maniobras.\u00a0<br>Las autoridades correspondientes deber\u00e1n realizar las diligencias para conocer la causa del incendio.<\/p>\n\n\n\n<figure class=\"wp-block-image size-large\"><img loading=\"lazy\" decoding=\"async\" width=\"775\" height=\"469\" src=\"https:\/\/encuentroinformativo.com.mx\/wp-content\/uploads\/2021\/11\/D29F898D-724E-4CE7-A7DA-5FDEDE48CC2A.jpeg\" alt=\"\" class=\"wp-image-20119\" srcset=\"https:\/\/encuentroinformativo.com.mx\/wp-content\/uploads\/2021\/11\/D29F898D-724E-4CE7-A7DA-5FDEDE48CC2A.jpeg 775w, https:\/\/encuentroinformativo.com.mx\/wp-content\/uploads\/2021\/11\/D29F898D-724E-4CE7-A7DA-5FDEDE48CC2A-300x182.jpeg 300w, https:\/\/encuentroinformativo.com.mx\/wp-content\/uploads\/2021\/11\/D29F898D-724E-4CE7-A7DA-5FDEDE48CC2A-768x465.jpeg 768w\" sizes=\"auto, (max-width: 775px) 100vw, 775px\" \/><\/figure>\n","protected":false},"excerpt":{"rendered":"<p>Juan Arcos Xalapa, Ver.- Un incendio se registr\u00f3 en las oficinas de la delegaci\u00f3n de la Secretar\u00eda de Educaci\u00f3n de Veracruz (SEV) en el municipio de Coatepec. Despu\u00e9s de las 11:40 horas de este domingo 7 de noviembre, elementos del Benem\u00e9rito Cuerpo de Bomberos y la Regi\u00f3n recibieron el reporte por dicho siniestro y se [&hellip;]<\/p>\n","protected":false},"author":1,"featured_media":20118,"comment_status":"open","ping_status":"open","sticky":false,"template":"","format":"standard","meta":{"_jetpack_memberships_contains_paid_content":false,"footnotes":""},"categories":[8],"tags":[],"class_list":["post-20117","post","type-post","status-publish","format-standard","has-post-thumbnail","hentry","category-region"],"jetpack_featured_media_url":"https:\/\/encuentroinformativo.com.mx\/wp-content\/uploads\/2021\/11\/CDA21452-BC39-408A-A7FF-7896CA7B1674.jpeg","jetpack_sharing_enabled":true,"jetpack_likes_enabled":true,"amp_enabled":true,"_links":{"self":[{"href":"https:\/\/encuentroinformativo.com.mx\/index.php?rest_route=\/wp\/v2\/posts\/20117","targetHints":{"allow":["GET"]}}],"collection":[{"href":"https:\/\/encuentroinformativo.com.mx\/index.php?rest_route=\/wp\/v2\/posts"}],"about":[{"href":"https:\/\/encuentroinformativo.com.mx\/index.php?rest_route=\/wp\/v2\/types\/post"}],"author":[{"embeddable":true,"href":"https:\/\/encuentroinformativo.com.mx\/index.php?rest_route=\/wp\/v2\/users\/1"}],"replies":[{"embeddable":true,"href":"https:\/\/encuentroinformativo.com.mx\/index.php?rest_route=%2Fwp%2Fv2%2Fcomments&post=20117"}],"version-history":[{"count":1,"href":"https:\/\/encuentroinformativo.com.mx\/index.php?rest_route=\/wp\/v2\/posts\/20117\/revisions"}],"predecessor-version":[{"id":20120,"href":"https:\/\/encuentroinformativo.com.mx\/index.php?rest_route=\/wp\/v2\/posts\/20117\/revisions\/20120"}],"wp:featuredmedia":[{"embeddable":true,"href":"https:\/\/encuentroinformativo.com.mx\/index.php?rest_route=\/wp\/v2\/media\/20118"}],"wp:attachment":[{"href":"https:\/\/encuentroinformativo.com.mx\/index.php?rest_route=%2Fwp%2Fv2%2Fmedia&parent=20117"}],"wp:term":[{"taxonomy":"category","embeddable":true,"href":"https:\/\/encuentroinformativo.com.mx\/index.php?rest_route=%2Fwp%2Fv2%2Fcategories&post=20117"},{"taxonomy":"post_tag","embeddable":true,"href":"https:\/\/encuentroinformativo.com.mx\/index.php?rest_route=%2Fwp%2Fv2%2Ftags&post=20117"}],"curies":[{"name":"wp","href":"https:\/\/api.w.org\/{rel}","templated":true}]}}