{"id":2012,"date":"2020-04-21T15:17:03","date_gmt":"2020-04-21T20:17:03","guid":{"rendered":"https:\/\/encuentroinformativo.com\/?p=2012"},"modified":"2020-04-21T15:17:06","modified_gmt":"2020-04-21T20:17:06","slug":"cafeticultores-promueven-cultivo-de-productos-agroecologicos","status":"publish","type":"post","link":"https:\/\/encuentroinformativo.com.mx\/?p=2012","title":{"rendered":"Cafeticultores promueven cultivo de productos agroecol\u00f3gicos"},"content":{"rendered":"\n<p><strong>Juan Arcos <\/strong><\/p>\n\n\n\n<p>Xalapa, Ver.- Cafeticultores de la regi\u00f3n de Coatepec promueven la producci\u00f3n de cultivos agroecol\u00f3gicos.<\/p>\n\n\n\n<p>As\u00ed lo dio a conocer el representante del Consejo Regional del Caf\u00e9 de Coatepec, Cirilo Elotl\u00e1n D\u00edaz, quien a\u00f1adi\u00f3 que se busca que los cafeticultores no solo siembren caf\u00e9, sino tambi\u00e9n, pl\u00e1tano, lim\u00f3n, aguacate y todo lo que se d\u00e9 en sus tierras.<\/p>\n\n\n\n<p>\u201cNuestros cafetales por ser una tierra prodigiosa estamos induciendo a los compa\u00f1eros a que no solo se concreten a sembrar caf\u00e9\u201d.<\/p>\n\n\n\n<p>El mes pasado se entregaron 168 despulpadoras a igual n\u00famero de productores, incentiv\u00e1ndolos a la siembra agroecol\u00f3gica.<\/p>\n\n\n\n<p>Cabe recordar que la agroecolog\u00eda es considerada una disciplina que retoma m\u00e9todos anteriores para la agricultura. Por lo tanto, significa trabajar el campo mediante procedimientos no agresivos y respetando \u00e9pocas de cultivo.<\/p>\n\n\n\n<p>Elotl\u00e1n D\u00edaz consider\u00f3 que a muchos productores ya no les importa cultivar m\u00e1s productos y prefieren comprar en supermercados, cuando claramente ellos podr\u00edan producir lo que necesitan.<\/p>\n\n\n\n<p>\u201cLos agricultores, de alguna parte, tambi\u00e9n tenemos culpabilidad, porque ya nos da flojera sembrar de todo y mejor preferimos ir a los supermercados a comprar\u201d.<\/p>\n\n\n\n<p>Indic\u00f3 que los productores podr\u00edan consumir sus mismos cultivos cuando acuden a los cafetales. Pero dicha situaci\u00f3n ya no es as\u00ed.<\/p>\n\n\n\n<p>\u201cEso ya lo estamos destituyendo y mejor vamos y compramos a los supermercados y as\u00ed ya llevamos cosas preparadas (cuando acuden a los cafetales), eso es lo m\u00e1s complicado que pudiera darse hoy, entonces estamos orientando a que no s\u00f3lo sea sustentable nuestro caf\u00e9, sino tambi\u00e9n sea bajo un cultivo agroecol\u00f3gico\u201d, remat\u00f3.<\/p>\n","protected":false},"excerpt":{"rendered":"<p>Juan Arcos Xalapa, Ver.- Cafeticultores de la regi\u00f3n de Coatepec promueven la producci\u00f3n de cultivos agroecol\u00f3gicos. As\u00ed lo dio a conocer el representante del Consejo Regional del Caf\u00e9 de Coatepec, Cirilo Elotl\u00e1n D\u00edaz, quien a\u00f1adi\u00f3 que se busca que los cafeticultores no solo siembren caf\u00e9, sino tambi\u00e9n, pl\u00e1tano, lim\u00f3n, aguacate y todo lo que se [&hellip;]<\/p>\n","protected":false},"author":1,"featured_media":2013,"comment_status":"open","ping_status":"open","sticky":false,"template":"","format":"standard","meta":{"_jetpack_memberships_contains_paid_content":false,"footnotes":""},"categories":[8],"tags":[],"class_list":["post-2012","post","type-post","status-publish","format-standard","has-post-thumbnail","hentry","category-region"],"jetpack_featured_media_url":"https:\/\/encuentroinformativo.com.mx\/wp-content\/uploads\/2020\/04\/5E0140AF-2C39-447C-BA89-7E261959815F.jpeg","jetpack_sharing_enabled":true,"jetpack_likes_enabled":true,"amp_enabled":true,"_links":{"self":[{"href":"https:\/\/encuentroinformativo.com.mx\/index.php?rest_route=\/wp\/v2\/posts\/2012","targetHints":{"allow":["GET"]}}],"collection":[{"href":"https:\/\/encuentroinformativo.com.mx\/index.php?rest_route=\/wp\/v2\/posts"}],"about":[{"href":"https:\/\/encuentroinformativo.com.mx\/index.php?rest_route=\/wp\/v2\/types\/post"}],"author":[{"embeddable":true,"href":"https:\/\/encuentroinformativo.com.mx\/index.php?rest_route=\/wp\/v2\/users\/1"}],"replies":[{"embeddable":true,"href":"https:\/\/encuentroinformativo.com.mx\/index.php?rest_route=%2Fwp%2Fv2%2Fcomments&post=2012"}],"version-history":[{"count":1,"href":"https:\/\/encuentroinformativo.com.mx\/index.php?rest_route=\/wp\/v2\/posts\/2012\/revisions"}],"predecessor-version":[{"id":2014,"href":"https:\/\/encuentroinformativo.com.mx\/index.php?rest_route=\/wp\/v2\/posts\/2012\/revisions\/2014"}],"wp:featuredmedia":[{"embeddable":true,"href":"https:\/\/encuentroinformativo.com.mx\/index.php?rest_route=\/wp\/v2\/media\/2013"}],"wp:attachment":[{"href":"https:\/\/encuentroinformativo.com.mx\/index.php?rest_route=%2Fwp%2Fv2%2Fmedia&parent=2012"}],"wp:term":[{"taxonomy":"category","embeddable":true,"href":"https:\/\/encuentroinformativo.com.mx\/index.php?rest_route=%2Fwp%2Fv2%2Fcategories&post=2012"},{"taxonomy":"post_tag","embeddable":true,"href":"https:\/\/encuentroinformativo.com.mx\/index.php?rest_route=%2Fwp%2Fv2%2Ftags&post=2012"}],"curies":[{"name":"wp","href":"https:\/\/api.w.org\/{rel}","templated":true}]}}