{"id":20121,"date":"2021-11-08T09:23:01","date_gmt":"2021-11-08T15:23:01","guid":{"rendered":"https:\/\/encuentroinformativo.com.mx\/?p=20121"},"modified":"2021-11-08T09:23:05","modified_gmt":"2021-11-08T15:23:05","slug":"nueva-bancada-de-mujeres","status":"publish","type":"post","link":"https:\/\/encuentroinformativo.com.mx\/?p=20121","title":{"rendered":"\u00bfNueva Bancada de Mujeres?"},"content":{"rendered":"\n<p><strong>N\u00fameros Rojos<\/strong><\/p>\n\n\n\n<p><strong>Brenda Caballero<\/strong><\/p>\n\n\n\n<p>A diferencia de la anterior, en la integraci\u00f3n de la Mesa Directiva de la LXVI Legislatura del Congreso de Veracruz, ahora s\u00ed hay paridad desde su inicio. Recordemos que la LXV Legislatura fue criticada porque supuestamente atentaba contra la democracia, ya que dej\u00f3 fuera a las mujeres&#8230; puros hombres la conformaron: el Presidente fue Jos\u00e9 Manuel Pozos Castro, del PT; vicepresidente, Alexis S\u00e1nchez Garc\u00eda, de Movimiento Ciudadano; y de secretario, Jorge Moreno Salinas, del PRI. La Junta de Coordinaci\u00f3n Pol\u00edtica tambi\u00e9n fue para otro var\u00f3n: Juan Javier G\u00f3mez Cazar\u00edn.<\/p>\n\n\n\n<p>Ahora, los legisladores ah\u00ed la llevan con la Paridad, y digo \u201cah\u00ed la llevan\u201d porque falta la designaci\u00f3n de las Comisiones, pero por lo pronto la Mesa Directiva es paritaria. Cecilia Josefina Guevara Guembe, de Morena, es la presidenta; Hugo Gonz\u00e1lez Saavedra, del PAN, es el vicepresidente; y Arianna Guadalupe \u00c1ngeles Aguirre, del PRI, es secretaria. Repite en la Junta de Coordinaci\u00f3n Pol\u00edtica Juan Javier G\u00f3mez Cazar\u00edn.<\/p>\n\n\n\n<p>Si analizamos los n\u00fameros detr\u00e1s de las mujeres que llegan a una curul local es interesante ver que es Morena quien m\u00e1s aporta diputadas, pues de las 25, 13 son del Movimiento de Regeneraci\u00f3n Nacional. Ahora bien, si sumamos a la diputada Ana Miriam Ferr\u00e1ez Centeno (Distrito XI, Xalapa II) que fue postulada por el Partido del Trabajo y se cambi\u00f3 a la bancada de Morena, entonces suman 14 mujeres en total.&nbsp;<\/p>\n\n\n\n<p>He de reconocer que Morena postul\u00f3 mujeres en distritos ganadores, pues de esas 13 (sin considerar a Ana Miriam), \u00fanicamente 2 son de representaci\u00f3n proporcional, las diputadas Illya Dolores Escobar Mart\u00ednez y Gisela L\u00f3pez L\u00f3pez.<\/p>\n\n\n\n<p>De las mujeres de la bancada de Morena (14), siete ya tienen experiencia legislativa, pues se reeligieron. A ellas se suma la diputada Nora Jessica Lagunes J\u00e1uregui, del PAN, aunque su designaci\u00f3n fue por la v\u00eda de representaci\u00f3n proporcional.<\/p>\n\n\n\n<p>Con tanto cambio de bancada que hicieron los diputados y diputadas, sale a relucir algo m\u00e1s: Morena pulveriz\u00f3 varias bancadas.<\/p>\n\n\n\n<p>All\u00ed le va el dato: Movimiento Ciudadano se qued\u00f3 sin bancada, s\u00f3lo tienen la representaci\u00f3n con Ruth Callejas Rold\u00e1n y Maribel Ram\u00edrez Topete porque en el OPLE les tumbaron a Adri\u00e1n \u00c1vila Estrada que estaba en la lista.<\/p>\n\n\n\n<p>El Partido Verde se queda sin bancada, s\u00f3lo lo representan las diputadas Tania Mar\u00eda Cruz Mej\u00eda y Citlali Medell\u00edn Careaga, pues sus compa\u00f1eros Rafael Gustavo Fararoni Maga\u00f1a (Distrito XXV. San Andr\u00e9s Tuxtla) y Luis Arturo Santiago Mart\u00ednez (Distrito XXI. Camerino Z. Mendoza) migraron a Morena.<\/p>\n\n\n\n<p>El Partido del Trabajo no logra conformar bancada ya que de sus 4 diputados y una diputada, tres se integran a Morena (Paul Mart\u00ednez Mari\u00e9, Luis Ronaldo Z\u00e1rate D\u00edaz y Ana Miriam Ferr\u00e1ez Centeno) quedando \u00fanicamente dos, sin el n\u00famero para conformar la bancada.<\/p>\n\n\n\n<p>Con este movimiento de ajedrez pol\u00edtico quedan \u00fanicamente 3 bancadas de negociaci\u00f3n: Morena, PRI y PAN. Pero \u00bfquedar\u00e1 definitivamente as\u00ed?&nbsp;<\/p>\n\n\n\n<p>Hasta el momento hay 6 mujeres sin bancada: Ruth Callejas Rold\u00e1n y Maribel Ram\u00edrez Topete, de Movimiento Ciudadano; Tania Mar\u00eda Cruz Mej\u00eda y Citlali Medell\u00edn Careaga, del Partido Verde; y Lidia Irma Mezhua Campos y Perla Eufemia Romero Rodr\u00edguez, del PRD.<\/p>\n\n\n\n<p>\u00bfPor qu\u00e9 no conformar una bancada de mujeres, sin colores&nbsp; y demostrar que podemos ganar espacios p\u00fablicos sin necesidad de los partidos pol\u00edticos?<\/p>\n\n\n\n<p>Apenas a finales de septiembre pasado, los senadores Gustavo Madero, del PAN; Germ\u00e1n Mart\u00ednez, de Morena; Nancy Sierra, del PT; Alejandra Le\u00f3n Gast\u00e9lum, as\u00ed como Emilio \u00c1lvarez Icaza, sin partido, se integraron para formar un grupo parlamentario plural&#8230; una nueva bancada independiente. \u00bfPor qu\u00e9 no tomar el mismo ejemplo?<\/p>\n\n\n\n<p>El mismo Presidente Andr\u00e9s Manuel L\u00f3pez Obrador, en la ma\u00f1anera del 29 de septiembre, se pronunci\u00f3 al respecto: \u201cYo pienso que son libres y que cada quien tiene que actuar de acuerdo a su conciencia y darle espacios de expresi\u00f3n, garantizar el derecho a disentir\u2026\u201d<\/p>\n\n\n\n<p>Ojal\u00e1 que estas diputadas \u201cdesbancadas\u201d repliquen lo que hicieron estos senadores y as\u00ed como en la C\u00e1mara Alta hubo el tama\u00f1o pol\u00edtico para que a trav\u00e9s de un acuerdo reconociera y garantizara la participaci\u00f3n de esos legisladores en los trabajos del pleno y reuniones de mesa, la Jucopo local hiciera lo mismo\u2026 claro, siempre y cuando estas diputadas se organicen y act\u00faen.<\/p>\n\n\n\n<p>Sin duda alguna, una bancada de Mujeres podr\u00eda ser el inicio de algo nuevo en el Congreso con sesgo de empoderamiento, sin colores ni siglas partidistas.<\/p>\n\n\n\n<p>Anil\u00fa, Ruth y Maribel<\/p>\n\n\n\n<p>Nuevos rostros veremos en el Palacio de Encanto, entre ellos los de las diputadas Anil\u00fa Ingram Vallines, Ruth Callejas Rold\u00e1n y Maribel Ram\u00edrez Topete.<\/p>\n\n\n\n<p>Anil\u00fa es la Coordinadora del Grupo Parlamentario del PRI. Bien por Marlon que apuesta a empoderar a las mujeres. \u00bfO acaso perdi\u00f3 con el voto de Arianna \u00c1ngeles?&nbsp;<\/p>\n\n\n\n<p>Anil\u00fa seguramente dar\u00e1 seguimiento a su agenda federal en beneficio de las veracruzanas.<\/p>\n\n\n\n<p>Ruth Callejas Rold\u00e1n empez\u00f3 en la pol\u00edtica desde muy joven; ahora, la paridad le hace justicia. \u00a1Y aguas con ella que trae buena escuela pol\u00edtica!<\/p>\n\n\n\n<p>Gran parte de la agenda de g\u00e9nero la trae Maribel Ram\u00edrez Topete. Ella viene trabajando por las mujeres desde su trinchera desde hace varios a\u00f1os. Sin duda es garant\u00eda de los derechos de las veraruzanas.<\/p>\n\n\n\n<p>@NumerosRojos_BC<\/p>\n\n\n\n<p><a href=\"mailto:caballero_brenda@hotmail.com\" target=\"_blank\" rel=\"noreferrer noopener\">caballero_brenda@hotmail.com<\/a><\/p>\n","protected":false},"excerpt":{"rendered":"<p>N\u00fameros Rojos Brenda Caballero A diferencia de la anterior, en la integraci\u00f3n de la Mesa Directiva de la LXVI Legislatura del Congreso de Veracruz, ahora s\u00ed hay paridad desde su inicio. Recordemos que la LXV Legislatura fue criticada porque supuestamente atentaba contra la democracia, ya que dej\u00f3 fuera a las mujeres&#8230; puros hombres la conformaron: [&hellip;]<\/p>\n","protected":false},"author":1,"featured_media":387,"comment_status":"open","ping_status":"open","sticky":false,"template":"","format":"standard","meta":{"_jetpack_memberships_contains_paid_content":false,"footnotes":""},"categories":[11],"tags":[],"class_list":["post-20121","post","type-post","status-publish","format-standard","has-post-thumbnail","hentry","category-opinion"],"jetpack_featured_media_url":"https:\/\/encuentroinformativo.com.mx\/wp-content\/uploads\/2020\/03\/7CF8A22B-2764-47BE-8F7F-38FE9E5D6A2F.jpeg","jetpack_sharing_enabled":true,"jetpack_likes_enabled":true,"amp_enabled":true,"_links":{"self":[{"href":"https:\/\/encuentroinformativo.com.mx\/index.php?rest_route=\/wp\/v2\/posts\/20121","targetHints":{"allow":["GET"]}}],"collection":[{"href":"https:\/\/encuentroinformativo.com.mx\/index.php?rest_route=\/wp\/v2\/posts"}],"about":[{"href":"https:\/\/encuentroinformativo.com.mx\/index.php?rest_route=\/wp\/v2\/types\/post"}],"author":[{"embeddable":true,"href":"https:\/\/encuentroinformativo.com.mx\/index.php?rest_route=\/wp\/v2\/users\/1"}],"replies":[{"embeddable":true,"href":"https:\/\/encuentroinformativo.com.mx\/index.php?rest_route=%2Fwp%2Fv2%2Fcomments&post=20121"}],"version-history":[{"count":1,"href":"https:\/\/encuentroinformativo.com.mx\/index.php?rest_route=\/wp\/v2\/posts\/20121\/revisions"}],"predecessor-version":[{"id":20122,"href":"https:\/\/encuentroinformativo.com.mx\/index.php?rest_route=\/wp\/v2\/posts\/20121\/revisions\/20122"}],"wp:featuredmedia":[{"embeddable":true,"href":"https:\/\/encuentroinformativo.com.mx\/index.php?rest_route=\/wp\/v2\/media\/387"}],"wp:attachment":[{"href":"https:\/\/encuentroinformativo.com.mx\/index.php?rest_route=%2Fwp%2Fv2%2Fmedia&parent=20121"}],"wp:term":[{"taxonomy":"category","embeddable":true,"href":"https:\/\/encuentroinformativo.com.mx\/index.php?rest_route=%2Fwp%2Fv2%2Fcategories&post=20121"},{"taxonomy":"post_tag","embeddable":true,"href":"https:\/\/encuentroinformativo.com.mx\/index.php?rest_route=%2Fwp%2Fv2%2Ftags&post=20121"}],"curies":[{"name":"wp","href":"https:\/\/api.w.org\/{rel}","templated":true}]}}