{"id":20123,"date":"2021-11-08T09:28:24","date_gmt":"2021-11-08T15:28:24","guid":{"rendered":"https:\/\/encuentroinformativo.com.mx\/?p=20123"},"modified":"2021-11-08T09:28:27","modified_gmt":"2021-11-08T15:28:27","slug":"la-bigamia-de-bingen","status":"publish","type":"post","link":"https:\/\/encuentroinformativo.com.mx\/?p=20123","title":{"rendered":"La bigamia de Bingen"},"content":{"rendered":"\n<p><strong>Los Pol\u00edticos<\/strong><\/p>\n\n\n\n<p><strong>Salvador Mu\u00f1oz<\/strong><\/p>\n\n\n\n<p>Enrique Cambranis lleg\u00f3 y su voto fue para Oth\u00f3n Hern\u00e1ndez Candanedo. El de Bingen Rementer\u00eda fue igual para el misanteco para que fuera el coordinador de la bancada azul en la LXVI Legislatura. El porte\u00f1o pasa a ser Vicecoordinador. El pretexto, seg\u00fan se cuenta al interior del PAN, para que Bingen no buscara al 100 por ciento tal cargo en el Congreso local, es muy simple, palabras m\u00e1s, palabras menos: \u201cSer Coordinador requiere de estar m\u00e1s tiempo en Xalapa y yo estoy reci\u00e9n casado\u201d. Regina ha de estar muy complacida con el compromiso de su marido que a\u00fan mantiene la luna de miel a casi dos a\u00f1os de matrimonio.<\/p>\n\n\n\n<p>\u201cYa estamos trabajando en ello\u201d, me dijo Bingen Rementer\u00eda, despu\u00e9s de que lo vi encantado con la beb\u00e9 Natalia, hija de Nora Jessica Lagunes, y le pregunt\u00e9 \u201cY t\u00fa, \u00bfpara cu\u00e1ndo?\u201d<\/p>\n\n\n\n<p>Su respuesta podr\u00eda encajar a la perfecci\u00f3n con los comentarios que se dieron en torno a la designaci\u00f3n de Oth\u00f3n Hern\u00e1ndez como coordinador cuando en primera instancia, se ten\u00eda la idea de que ser\u00eda Bingen pero\u2026<\/p>\n\n\n\n<p>Hay que ser francos: Bingen est\u00e1 casado por partida doble. Primero, con Regina Velasco Casazza; y luego, est\u00e1 casado con la idea de ser candidato a la alcald\u00eda de Veracruz.<\/p>\n\n\n\n<p>\u00a1Y tiene raz\u00f3n! Ser coordinador lo obligar\u00eda a estar m\u00e1s tiempo en Xalapa, mismo tiempo que podr\u00eda ocupar para algo m\u00e1s sustancioso para \u00e9l como el retomar su actividad de gestor\u00eda en el Puerto jarocho.<\/p>\n\n\n\n<p>No es que uno no sea rom\u00e1ntico y no se pretende desromantizar a Bingen, pero antes de ser un buen marido, el Sol del Congreso fue primero Pol\u00edtico.<\/p>\n\n\n\n<p>Sabe que tiene tres a\u00f1os para afianzar su imagen y persona en el Puerto si quiere ser candidato a la alcald\u00eda, porque no la tendr\u00e1 f\u00e1cil, simple, sencilla, y s\u00ed m\u00e1s complicada que en la anterior\u2026<\/p>\n\n\n\n<p>Por un lado, ha de esperar que la alcaldesa Paty Lobeira tenga la cortes\u00eda y la altura pol\u00edtica suficiente para que, una vez que entre en funciones, igual lo convide de la atenci\u00f3n para asistir a los eventos a los que haya lugar (no como Fernando que lo cort\u00f3 gacho) y no s\u00f3lo le den champ\u00fa a Miguel Hermida, que guste o no, desde este momento entra a la carrera del 2025.<\/p>\n\n\n\n<p>Insisto: Bingen va a tener una complicada carrera al 2025 porque no s\u00f3lo es Miguel Hermida, recordemos que el PRI tiene a dos porte\u00f1os en su bancada: Marlon Ram\u00edrez Mar\u00edn y Anil\u00fa Ingram Vallines y a ver, d\u00edgame si a alguno de estos jarochos no les gustar\u00eda ser alcaldes del Cuatro Veces Heroico!<\/p>\n\n\n\n<p>Ahora, si son parte de la alianza, \u00bfigual ser\u00e1n invitados a los eventos del Ayuntamiento porte\u00f1o?<\/p>\n\n\n\n<p>Claro que ello ha de depender bastante primero, aunque no lo crean, de las elecciones internas del PAN y de quien resulte ganador de \u00e9stas.<\/p>\n\n\n\n<p>Con un Chapo en la dirigencia, un 2024 est\u00e1 pintado entonces para un Julen Rementer\u00eda; con un Tito en la dirigencia, un 2024 est\u00e1 pintado para un Miguel \u00c1ngel Yunes M\u00e1rquez. Ya que ganen es otro cantar.<\/p>\n\n\n\n<p>A ello s\u00famele que si la alianza PAN-PRI-PRD (m\u00e1s los que se sumen) se mantiene para el 2024, qu\u00e9 impedimento podr\u00eda darse para que se repitiera en el 2025 con la recanija posibilidad de que por estrategia pol\u00edtica se apostara a un candidato o candidata del PRI para el Puerto\u2026 bueno, insisto, eso depende de qui\u00e9n sea el dirigente del PAN.<\/p>\n\n\n\n<p>Mientras, Bingen queda en el papel de Vicecoordinador y de marido ejemplar, aunque en lo pol\u00edtico, nadie nos quita de la cabeza de que sigue casado con la idea de ser candidato a la alcald\u00eda porte\u00f1a.<\/p>\n\n\n\n<p><a href=\"mailto:smcainito@gmail.com\" target=\"_blank\" rel=\"noreferrer noopener\">smcainito@gmail.com<\/a><\/p>\n","protected":false},"excerpt":{"rendered":"<p>Los Pol\u00edticos Salvador Mu\u00f1oz Enrique Cambranis lleg\u00f3 y su voto fue para Oth\u00f3n Hern\u00e1ndez Candanedo. El de Bingen Rementer\u00eda fue igual para el misanteco para que fuera el coordinador de la bancada azul en la LXVI Legislatura. El porte\u00f1o pasa a ser Vicecoordinador. El pretexto, seg\u00fan se cuenta al interior del PAN, para que Bingen [&hellip;]<\/p>\n","protected":false},"author":1,"featured_media":387,"comment_status":"open","ping_status":"open","sticky":false,"template":"","format":"standard","meta":{"_jetpack_memberships_contains_paid_content":false,"footnotes":""},"categories":[11],"tags":[],"class_list":["post-20123","post","type-post","status-publish","format-standard","has-post-thumbnail","hentry","category-opinion"],"jetpack_featured_media_url":"https:\/\/encuentroinformativo.com.mx\/wp-content\/uploads\/2020\/03\/7CF8A22B-2764-47BE-8F7F-38FE9E5D6A2F.jpeg","jetpack_sharing_enabled":true,"jetpack_likes_enabled":true,"amp_enabled":true,"_links":{"self":[{"href":"https:\/\/encuentroinformativo.com.mx\/index.php?rest_route=\/wp\/v2\/posts\/20123","targetHints":{"allow":["GET"]}}],"collection":[{"href":"https:\/\/encuentroinformativo.com.mx\/index.php?rest_route=\/wp\/v2\/posts"}],"about":[{"href":"https:\/\/encuentroinformativo.com.mx\/index.php?rest_route=\/wp\/v2\/types\/post"}],"author":[{"embeddable":true,"href":"https:\/\/encuentroinformativo.com.mx\/index.php?rest_route=\/wp\/v2\/users\/1"}],"replies":[{"embeddable":true,"href":"https:\/\/encuentroinformativo.com.mx\/index.php?rest_route=%2Fwp%2Fv2%2Fcomments&post=20123"}],"version-history":[{"count":1,"href":"https:\/\/encuentroinformativo.com.mx\/index.php?rest_route=\/wp\/v2\/posts\/20123\/revisions"}],"predecessor-version":[{"id":20124,"href":"https:\/\/encuentroinformativo.com.mx\/index.php?rest_route=\/wp\/v2\/posts\/20123\/revisions\/20124"}],"wp:featuredmedia":[{"embeddable":true,"href":"https:\/\/encuentroinformativo.com.mx\/index.php?rest_route=\/wp\/v2\/media\/387"}],"wp:attachment":[{"href":"https:\/\/encuentroinformativo.com.mx\/index.php?rest_route=%2Fwp%2Fv2%2Fmedia&parent=20123"}],"wp:term":[{"taxonomy":"category","embeddable":true,"href":"https:\/\/encuentroinformativo.com.mx\/index.php?rest_route=%2Fwp%2Fv2%2Fcategories&post=20123"},{"taxonomy":"post_tag","embeddable":true,"href":"https:\/\/encuentroinformativo.com.mx\/index.php?rest_route=%2Fwp%2Fv2%2Ftags&post=20123"}],"curies":[{"name":"wp","href":"https:\/\/api.w.org\/{rel}","templated":true}]}}