{"id":20130,"date":"2021-11-08T12:49:30","date_gmt":"2021-11-08T18:49:30","guid":{"rendered":"https:\/\/encuentroinformativo.com.mx\/?p=20130"},"modified":"2021-11-08T12:49:33","modified_gmt":"2021-11-08T18:49:33","slug":"reanudara-tecnologico-de-xalapa-clases-presenciales","status":"publish","type":"post","link":"https:\/\/encuentroinformativo.com.mx\/?p=20130","title":{"rendered":"Reanudar\u00e1 Tecnol\u00f3gico de Xalapa clases presenciales"},"content":{"rendered":"\n<p><strong>Juan Arcos<\/strong><\/p>\n\n\n\n<p>Xalapa, Ver.- El pr\u00f3ximo 16 de noviembre regresar\u00e1n a clases presenciales todos los grupos acad\u00e9micos del Instituto Tecnol\u00f3gico Superior de Xalapa (ITSX).<\/p>\n\n\n\n<p>As\u00ed lo dio a conocer el director general del ITSX, Walter Luis S\u00e1iz Gonz\u00e1lez, quien a\u00f1adi\u00f3 que habr\u00e1 excepciones con los alumnos que presenten s\u00edntomas de SARS-COV-2 (COVID-19).<\/p>\n\n\n\n<p>\u201cLes pedir\u00eda encarecidamente informar a nuestra sociedad que el regreso presencial, se ha trabajado toda la parte acad\u00e9mica en asegurar que tengamos todo dispuesto para el 16 de noviembre\u201d.<\/p>\n\n\n\n<p>En conferencia de prensa, el acad\u00e9mico indic\u00f3 que en dicha fecha ser\u00e1n entregadas cuatro aulas, mismas que fueron construidas por el Instituto de Espacios Educativos.<\/p>\n\n\n\n<p>\u201cRicardo Garc\u00eda, director de espacios educativos, ya nos asegur\u00f3 entregarnos cuatro aulas, de las que en la visita anterior de nuestro gobernador (Cuitl\u00e1huac Garc\u00eda Jim\u00e9nez) se comprometi\u00f3 a tener las aulas listas pare el regreso o retorno de los alumnos\u201d.<\/p>\n\n\n\n<p>En ese sentido, consider\u00f3 que el mandatario estatal cumpli\u00f3 su palabra para entregar la obra en tiempo y formar, en beneficio de la comunidad universitaria.<\/p>\n\n\n\n<p>\u201cVemos c\u00f3mo hay una capacidad de respuesta ante las necesidades para nuestros alumnos. Nuestra instituci\u00f3n trabaja para y por nuestros alumnos\u201d.<\/p>\n\n\n\n<p>El regreso a clases presenciales se dio de manera escalonada a partir del pasado 30 de agosto, atendiendo las disposiciones por parte de las autoridades educativas.<\/p>\n\n\n\n<p>Cabe recordar que la matr\u00edcula escolar del Instituto Tecnol\u00f3gico Superior de Xalapa es de aproximadamente 6 mil 500 estudiantes, donde el 50 por ciento son mujeres y, el otro tanto, hombres.<\/p>\n","protected":false},"excerpt":{"rendered":"<p>Juan Arcos Xalapa, Ver.- El pr\u00f3ximo 16 de noviembre regresar\u00e1n a clases presenciales todos los grupos acad\u00e9micos del Instituto Tecnol\u00f3gico Superior de Xalapa (ITSX). As\u00ed lo dio a conocer el director general del ITSX, Walter Luis S\u00e1iz Gonz\u00e1lez, quien a\u00f1adi\u00f3 que habr\u00e1 excepciones con los alumnos que presenten s\u00edntomas de SARS-COV-2 (COVID-19). \u201cLes pedir\u00eda encarecidamente [&hellip;]<\/p>\n","protected":false},"author":1,"featured_media":20131,"comment_status":"open","ping_status":"open","sticky":false,"template":"","format":"standard","meta":{"_jetpack_memberships_contains_paid_content":false,"footnotes":""},"categories":[3],"tags":[],"class_list":["post-20130","post","type-post","status-publish","format-standard","has-post-thumbnail","hentry","category-xalapa"],"jetpack_featured_media_url":"https:\/\/encuentroinformativo.com.mx\/wp-content\/uploads\/2021\/11\/923A64EB-7AA4-48D0-ACE4-28F6E450040C.jpeg","jetpack_sharing_enabled":true,"jetpack_likes_enabled":true,"amp_enabled":true,"_links":{"self":[{"href":"https:\/\/encuentroinformativo.com.mx\/index.php?rest_route=\/wp\/v2\/posts\/20130","targetHints":{"allow":["GET"]}}],"collection":[{"href":"https:\/\/encuentroinformativo.com.mx\/index.php?rest_route=\/wp\/v2\/posts"}],"about":[{"href":"https:\/\/encuentroinformativo.com.mx\/index.php?rest_route=\/wp\/v2\/types\/post"}],"author":[{"embeddable":true,"href":"https:\/\/encuentroinformativo.com.mx\/index.php?rest_route=\/wp\/v2\/users\/1"}],"replies":[{"embeddable":true,"href":"https:\/\/encuentroinformativo.com.mx\/index.php?rest_route=%2Fwp%2Fv2%2Fcomments&post=20130"}],"version-history":[{"count":1,"href":"https:\/\/encuentroinformativo.com.mx\/index.php?rest_route=\/wp\/v2\/posts\/20130\/revisions"}],"predecessor-version":[{"id":20132,"href":"https:\/\/encuentroinformativo.com.mx\/index.php?rest_route=\/wp\/v2\/posts\/20130\/revisions\/20132"}],"wp:featuredmedia":[{"embeddable":true,"href":"https:\/\/encuentroinformativo.com.mx\/index.php?rest_route=\/wp\/v2\/media\/20131"}],"wp:attachment":[{"href":"https:\/\/encuentroinformativo.com.mx\/index.php?rest_route=%2Fwp%2Fv2%2Fmedia&parent=20130"}],"wp:term":[{"taxonomy":"category","embeddable":true,"href":"https:\/\/encuentroinformativo.com.mx\/index.php?rest_route=%2Fwp%2Fv2%2Fcategories&post=20130"},{"taxonomy":"post_tag","embeddable":true,"href":"https:\/\/encuentroinformativo.com.mx\/index.php?rest_route=%2Fwp%2Fv2%2Ftags&post=20130"}],"curies":[{"name":"wp","href":"https:\/\/api.w.org\/{rel}","templated":true}]}}