{"id":20133,"date":"2021-11-08T13:38:45","date_gmt":"2021-11-08T19:38:45","guid":{"rendered":"https:\/\/encuentroinformativo.com.mx\/?p=20133"},"modified":"2021-11-08T13:38:49","modified_gmt":"2021-11-08T19:38:49","slug":"convoca-ine-al-concurso-juventudes-incluyentes-y-ciudadanas","status":"publish","type":"post","link":"https:\/\/encuentroinformativo.com.mx\/?p=20133","title":{"rendered":"Convoca INE al concurso Juventudes incluyentes y ciudadanas"},"content":{"rendered":"\n<p>Xalapa, Ver.- Con el objetivo de promover entre las y los j\u00f3venes mexicanos de 18 a 29 a\u00f1os la reflexi\u00f3n sobre el goce y ejercicio de sus derechos pol\u00edtico-electorales, el Instituto Nacional Electoral (INE) realiz\u00f3 la primera mesa de di\u00e1logo virtual\u00a0<em>El ejercicio de la\u00a0ciudadan\u00eda y el derecho al voto<\/em>.<\/p>\n\n\n\n<p>En ella,&nbsp;el Consejero Mart\u00edn Faz llam\u00f3 a&nbsp;j\u00f3venes mexicanas y mexicanos de 18 a 29 a\u00f1os a&nbsp;participaren el&nbsp;1\u00b0&nbsp;Concurso Nacional&nbsp;de ensayo vivencial, cuento corto, cr\u00f3nica y composici\u00f3n musical&nbsp;<em>Por juventudes incluyentes y ciudadanas<\/em>, realizado en colaboraci\u00f3n con&nbsp;la Comisi\u00f3n Estatal Electoral&nbsp;de Nuevo Le\u00f3n, el Instituto de&nbsp;Elecciones y Participaci\u00f3n Ciudadana del Estado de Chiapas, el Instituto Mexicano de la&nbsp;Juventud y la Organizaci\u00f3n Fuerza Ciudadana A.C.<\/p>\n\n\n\n<p>\u201cEstoy seguro que este tipo de colaboraciones tienen un impacto directo en la consolidaci\u00f3n de la cultura democr\u00e1tica\u201d, celebr\u00f3.<\/p>\n\n\n\n<p>Durante su intervenci\u00f3n, el Consejero Faz&nbsp;advirti\u00f3 que&nbsp;las juventudes en M\u00e9xico no carecen de inter\u00e9s en la vida p\u00fablica, pero existen&nbsp;obst\u00e1culos que impiden que ese&nbsp;inter\u00e9s se transforme&nbsp;en participaci\u00f3n en las urnas.<\/p>\n\n\n\n<p>Por ejemplo, expuso, el grupo entre 20 y 29 a\u00f1os en las elecciones del 2018 tuvo un nivel de participaci\u00f3n de 52.8%, \u201ces decir, m\u00e1s de 10 puntos porcentuales por debajo de la media nacional\u201d&nbsp;(63.4%), mientras que&nbsp;el porcentaje de participaci\u00f3n en&nbsp;las y&nbsp;los j\u00f3venes de 18 a\u00f1os que emitieron su voto por primera vez fue de&nbsp;64.7%, un poco superior a la media.<\/p>\n\n\n\n<p>El inter\u00e9s en la participaci\u00f3n electoral&nbsp;por&nbsp;parte de las juventudes mexicanas \u201ccae dr\u00e1sticamente entre los 19 y los 34 a\u00f1os, siendo el pico m\u00e1s bajo el grupo de 20 a 29 a\u00f1os, s\u00f3lo por debajo de la participaci\u00f3n de los adultos mayores de m\u00e1s de 85 a\u00f1os\u201d, lament\u00f3.<\/p>\n\n\n\n<p><strong><em>Necesario generar incentivos para impulsar participaci\u00f3n electoral de j\u00f3venes<\/em><\/strong><\/p>\n\n\n\n<p>No obstante, Faz rechaz\u00f3 la idea de que&nbsp;hay&nbsp;un desinter\u00e9s de las y los j\u00f3venes en la pol\u00edtica y en la vida p\u00fablica en general, ya que existen ejemplos como la movilizaci\u00f3n&nbsp;social&nbsp;de este grupo ante&nbsp;el sismo del19 de septiembre de 2017.<\/p>\n\n\n\n<p>\u201cOtro ejemplo m\u00e1s,&nbsp;incluso de naturaleza electoral,&nbsp;es que en el reci\u00e9n concluido proceso electoral 2021 contamos con 19 mil 339 observadores y observadoras&nbsp;electorales y los grupos de 21 a&nbsp;25 a\u00f1os y de 26 a 30 a\u00f1os fueron los que m\u00e1s observadores registraron. Si sumamos a los menores de 20 a\u00f1os,casi el 40% de las y los observadores correspondieron adultos j\u00f3venes\u201d, enfatiz\u00f3.<\/p>\n\n\n\n<p>En este sentido, destac\u00f3 que&nbsp;\u201ces a trav\u00e9s de los procesos electorales que se conforman los poderes p\u00fablicos que influyen en la&nbsp;construcci\u00f3n&nbsp;de las pol\u00edticas p\u00fablicas, incluyendo las que tiene que ver con temas de juventudes\u201d.<\/p>\n\n\n\n<p>Por lo anterior, llam\u00f3 a reflexionar si los sectores pol\u00edticos \u201cd\u00edgase candidatos, partidos pol\u00edticos, \u00f3rganos electorales, tribunales&nbsp;y&nbsp;servidores p\u00fablicos,estamos generando incentivos para que las juventudes salgan a participar electoralmente hablando\u201d.<\/p>\n\n\n\n<p>Finalmente,&nbsp;el Consejero Faz&nbsp;cuestion\u00f3 si \u201cel desencanto, no desinter\u00e9s, deviene de un mal ejemplode quienes nos dedicamos a la vida p\u00fablica, o bien, de la ausencia en las plataformas electorales o en las pol\u00edticas p\u00fablicas de elementos que anclen a las juventudes y al inter\u00e9s de \u00e9stas a participar\u201d.<\/p>\n\n\n\n<p>En el panel virtual tambi\u00e9n particip\u00f3&nbsp;el periodista de investigaci\u00f3n Humberto Musacchio, quien realiz\u00f3 un recorrido hist\u00f3rico sobre los movimientos sociales con participaci\u00f3n juvenil en M\u00e9xico desde 1968. La mesacont\u00f3&nbsp;con la&nbsp;intervenci\u00f3n de j\u00f3venes de todo el pa\u00eds&nbsp;yfue moderada&nbsp;por la Directora Ejecutiva de Organizaci\u00f3n Fuerza Ciudadana A.C., Gloria Alcocer.<\/p>\n\n\n\n<p>Adem\u00e1s de esta primera mesa, se realizar\u00e1n cuatro m\u00e1s correspondientes a las tem\u00e1ticas que contempla la convocatoria&nbsp;del&nbsp;1\u00b0&nbsp;Concurso Nacional&nbsp;<em>Por juventudes incluyentes y ciudadanas<\/em>: Derechos pol\u00edticos y electorales de las mujeres j\u00f3venes;&nbsp;Derechos&nbsp;pol\u00edticos y electorales de las&nbsp;juventudes migrantes;&nbsp;Violencia&nbsp;Pol\u00edtica contra las Mujeres en&nbsp;Raz\u00f3n de G\u00e9nero en las juventudes&nbsp;y&nbsp;Desaf\u00edos modernos de la democracia&nbsp;(tecnolog\u00edas).<\/p>\n\n\n\n<p>Adicionalmente,&nbsp;se impartir\u00e1n&nbsp;talleres formativos&nbsp;a las y los j\u00f3venes participantes&nbsp;sobre redacci\u00f3n, narrativa y composici\u00f3n&nbsp;musical para reforzar las categor\u00edas&nbsp;del concurso.&nbsp;Ambas actividades se implementar\u00e1n de manera virtual y requieren un registro previo (<a href=\"https:\/\/forms.gle\/kMA7FaLAhABuPxeA9\">https:\/\/forms.gle\/kMA7FaLAhABuPxeA9<\/a>&nbsp;en el caso de las mesas de di\u00e1logo y&nbsp;<a href=\"https:\/\/forms.gle\/YDp2GVnXtQeweHkx5\">https:\/\/forms.gle\/YDp2GVnXtQeweHkx5<\/a>&nbsp;para los talleres).&nbsp;Asimismo, se transmitir\u00e1n en vivo&nbsp;por&nbsp;el canal de YouTube INETV.<\/p>\n","protected":false},"excerpt":{"rendered":"<p>Xalapa, Ver.- Con el objetivo de promover entre las y los j\u00f3venes mexicanos de 18 a 29 a\u00f1os la reflexi\u00f3n sobre el goce y ejercicio de sus derechos pol\u00edtico-electorales, el Instituto Nacional Electoral (INE) realiz\u00f3 la primera mesa de di\u00e1logo virtual\u00a0El ejercicio de la\u00a0ciudadan\u00eda y el derecho al voto. En ella,&nbsp;el Consejero Mart\u00edn Faz llam\u00f3 [&hellip;]<\/p>\n","protected":false},"author":1,"featured_media":20134,"comment_status":"open","ping_status":"open","sticky":false,"template":"","format":"standard","meta":{"_jetpack_memberships_contains_paid_content":false,"footnotes":""},"categories":[2],"tags":[],"class_list":["post-20133","post","type-post","status-publish","format-standard","has-post-thumbnail","hentry","category-estado"],"jetpack_featured_media_url":"https:\/\/encuentroinformativo.com.mx\/wp-content\/uploads\/2021\/11\/BF25AC29-EA92-459D-92ED-11EBCCCB6F6F.jpeg","jetpack_sharing_enabled":true,"jetpack_likes_enabled":true,"amp_enabled":true,"_links":{"self":[{"href":"https:\/\/encuentroinformativo.com.mx\/index.php?rest_route=\/wp\/v2\/posts\/20133","targetHints":{"allow":["GET"]}}],"collection":[{"href":"https:\/\/encuentroinformativo.com.mx\/index.php?rest_route=\/wp\/v2\/posts"}],"about":[{"href":"https:\/\/encuentroinformativo.com.mx\/index.php?rest_route=\/wp\/v2\/types\/post"}],"author":[{"embeddable":true,"href":"https:\/\/encuentroinformativo.com.mx\/index.php?rest_route=\/wp\/v2\/users\/1"}],"replies":[{"embeddable":true,"href":"https:\/\/encuentroinformativo.com.mx\/index.php?rest_route=%2Fwp%2Fv2%2Fcomments&post=20133"}],"version-history":[{"count":1,"href":"https:\/\/encuentroinformativo.com.mx\/index.php?rest_route=\/wp\/v2\/posts\/20133\/revisions"}],"predecessor-version":[{"id":20135,"href":"https:\/\/encuentroinformativo.com.mx\/index.php?rest_route=\/wp\/v2\/posts\/20133\/revisions\/20135"}],"wp:featuredmedia":[{"embeddable":true,"href":"https:\/\/encuentroinformativo.com.mx\/index.php?rest_route=\/wp\/v2\/media\/20134"}],"wp:attachment":[{"href":"https:\/\/encuentroinformativo.com.mx\/index.php?rest_route=%2Fwp%2Fv2%2Fmedia&parent=20133"}],"wp:term":[{"taxonomy":"category","embeddable":true,"href":"https:\/\/encuentroinformativo.com.mx\/index.php?rest_route=%2Fwp%2Fv2%2Fcategories&post=20133"},{"taxonomy":"post_tag","embeddable":true,"href":"https:\/\/encuentroinformativo.com.mx\/index.php?rest_route=%2Fwp%2Fv2%2Ftags&post=20133"}],"curies":[{"name":"wp","href":"https:\/\/api.w.org\/{rel}","templated":true}]}}