{"id":20147,"date":"2021-11-08T14:49:09","date_gmt":"2021-11-08T20:49:09","guid":{"rendered":"https:\/\/encuentroinformativo.com.mx\/?p=20147"},"modified":"2021-11-08T14:49:13","modified_gmt":"2021-11-08T20:49:13","slug":"va-joaquin-guzman-por-reeleccion-en-el-pan","status":"publish","type":"post","link":"https:\/\/encuentroinformativo.com.mx\/?p=20147","title":{"rendered":"Va Joaqu\u00edn Guzm\u00e1n por reelecci\u00f3n en el PAN"},"content":{"rendered":"\n<p><strong>Juan Arcos<\/strong><\/p>\n\n\n\n<p>Xalapa, Ver.- Joaqu\u00edn Rosendo Guzm\u00e1n Avil\u00e9s se registr\u00f3 como aspirante a la dirigencia estatal del Partido Acci\u00f3n Nacional (PAN) en Veracruz, para repetir en el cargo.<\/p>\n\n\n\n<p>Despu\u00e9s de las 13:00 horas acudi\u00f3 a la sede estatal del albiazul, donde entreg\u00f3 la documentaci\u00f3n y las firmas correspondientes, en cumplimiento de los requisitos.\u00a0<\/p>\n\n\n\n<p>Entre porras y batucadas, el panista revel\u00f3 que su planilla estar\u00e1 integrada por Mayra Cort\u00e9s Rodr\u00edguez, como secretaria general, as\u00ed como los aspirantes a integrantes del Comit\u00e9 Directivo Estatal (CDE): Jos\u00e9 Alberto Vel\u00e1zquez Fajardo, Ruth Noem\u00ed Arredondo \u00c1lvarez, Agust\u00edn Jaime Andrade Murga, Claudia Alicia Berriel Figueiras, Hazael Villegas Ar\u00e9valo, Rosa del Carmen Zamudio Rosas y Jafet Hilario D\u00e1vila.<\/p>\n\n\n\n<p>Guzm\u00e1n Avil\u00e9s dijo esperar que la contienda interna contra Tito Delf\u00edn Cano, miembro del grupo de \u201clos Yunes\u201d, se desarrolle de manera pac\u00edfica y sin incidentes, para garantizar un proceso democr\u00e1tico.<\/p>\n\n\n\n<p>Adem\u00e1s, asever\u00f3 que en caso de que haya anomal\u00edas en la contienda ser\u00e1n presentados los recursos legales correspondientes.<\/p>\n\n\n\n<p>El entrevistado tambi\u00e9n coment\u00f3 que los integrantes de su planilla representan varias regiones de la entidad, para buscar el respaldo de los m\u00e1s de 24 mil militantes de su partido.<\/p>\n\n\n\n<p>En ese sentido, refiri\u00f3 que se buscar\u00e1 dar continuidad a los trabajos que inici\u00f3 hace dos a\u00f1os, cuando asumi\u00f3 la dirigencia estatal, sobre todo enfocados a la soluci\u00f3n de los problemas econ\u00f3micos internos.<\/p>\n\n\n\n<p>\u201cDe recuperarlo de la situaci\u00f3n financiera que dejaron da\u00f1ado al partido, situaciones dif\u00edciles porque se ten\u00edan problemas graves econ\u00f3micos. Sali\u00f3 adelante, el partido est\u00e1 libre ahorita de multas y sanciones que se le impusieron, se est\u00e1n terminando de pagar\u201d, enfatiz\u00f3.<\/p>\n\n\n\n<p>El dirigente estatal del PAN con licencia se pronunci\u00f3 a favor de los procesos electorales internos y garantiz\u00f3 que actualmente no hay designaciones ni imposiciones.<\/p>\n\n\n\n<p>El \u201cChapito\u201d, como es conocido entre sus amigos, estuvo acompa\u00f1ado de Bingen Rementer\u00eda Molina y Oth\u00f3n Hern\u00e1ndez Candanedo, diputados locales panistas que asumieron el cargo el pasado 5 de noviembre.<\/p>\n","protected":false},"excerpt":{"rendered":"<p>Juan Arcos Xalapa, Ver.- Joaqu\u00edn Rosendo Guzm\u00e1n Avil\u00e9s se registr\u00f3 como aspirante a la dirigencia estatal del Partido Acci\u00f3n Nacional (PAN) en Veracruz, para repetir en el cargo. Despu\u00e9s de las 13:00 horas acudi\u00f3 a la sede estatal del albiazul, donde entreg\u00f3 la documentaci\u00f3n y las firmas correspondientes, en cumplimiento de los requisitos.\u00a0 Entre porras [&hellip;]<\/p>\n","protected":false},"author":1,"featured_media":20148,"comment_status":"open","ping_status":"open","sticky":false,"template":"","format":"standard","meta":{"_jetpack_memberships_contains_paid_content":false,"footnotes":""},"categories":[2],"tags":[],"class_list":["post-20147","post","type-post","status-publish","format-standard","has-post-thumbnail","hentry","category-estado"],"jetpack_featured_media_url":"https:\/\/encuentroinformativo.com.mx\/wp-content\/uploads\/2021\/11\/4BFFA933-F722-457D-B9B8-64F113009F80.jpeg","jetpack_sharing_enabled":true,"jetpack_likes_enabled":true,"amp_enabled":true,"_links":{"self":[{"href":"https:\/\/encuentroinformativo.com.mx\/index.php?rest_route=\/wp\/v2\/posts\/20147","targetHints":{"allow":["GET"]}}],"collection":[{"href":"https:\/\/encuentroinformativo.com.mx\/index.php?rest_route=\/wp\/v2\/posts"}],"about":[{"href":"https:\/\/encuentroinformativo.com.mx\/index.php?rest_route=\/wp\/v2\/types\/post"}],"author":[{"embeddable":true,"href":"https:\/\/encuentroinformativo.com.mx\/index.php?rest_route=\/wp\/v2\/users\/1"}],"replies":[{"embeddable":true,"href":"https:\/\/encuentroinformativo.com.mx\/index.php?rest_route=%2Fwp%2Fv2%2Fcomments&post=20147"}],"version-history":[{"count":1,"href":"https:\/\/encuentroinformativo.com.mx\/index.php?rest_route=\/wp\/v2\/posts\/20147\/revisions"}],"predecessor-version":[{"id":20149,"href":"https:\/\/encuentroinformativo.com.mx\/index.php?rest_route=\/wp\/v2\/posts\/20147\/revisions\/20149"}],"wp:featuredmedia":[{"embeddable":true,"href":"https:\/\/encuentroinformativo.com.mx\/index.php?rest_route=\/wp\/v2\/media\/20148"}],"wp:attachment":[{"href":"https:\/\/encuentroinformativo.com.mx\/index.php?rest_route=%2Fwp%2Fv2%2Fmedia&parent=20147"}],"wp:term":[{"taxonomy":"category","embeddable":true,"href":"https:\/\/encuentroinformativo.com.mx\/index.php?rest_route=%2Fwp%2Fv2%2Fcategories&post=20147"},{"taxonomy":"post_tag","embeddable":true,"href":"https:\/\/encuentroinformativo.com.mx\/index.php?rest_route=%2Fwp%2Fv2%2Ftags&post=20147"}],"curies":[{"name":"wp","href":"https:\/\/api.w.org\/{rel}","templated":true}]}}