{"id":2015,"date":"2020-04-21T15:42:03","date_gmt":"2020-04-21T20:42:03","guid":{"rendered":"https:\/\/encuentroinformativo.com\/?p=2015"},"modified":"2020-04-21T15:42:06","modified_gmt":"2020-04-21T20:42:06","slug":"observatorio-estima-27-feminicidios-en-lo-que-va-del-ano","status":"publish","type":"post","link":"https:\/\/encuentroinformativo.com.mx\/?p=2015","title":{"rendered":"Observatorio estima 27 feminicidios en lo que va del a\u00f1o"},"content":{"rendered":"\n<p><strong>Juan Arcos <\/strong><\/p>\n\n\n\n<p>Xalapa, Ver.- En el primer trimestre de este a\u00f1o se contabilizaron 45 homicidios de mujeres en Veracruz, de los cuales 27 cumplen con alguna caracter\u00edstica de feminicidio.<\/p>\n\n\n\n<p>As\u00ed lo revel\u00f3 la coordinadora del Observatorio Universitario de Violencia contra las Mujeres, Estela Casados Gonz\u00e1lez, quien a\u00f1adi\u00f3 que las cifras fueron tomadas de medios de comunicaci\u00f3n locales.<\/p>\n\n\n\n<p>\u201cHemos observado que de esas 45 notas period\u00edsticas (por cada asesinato), 27 reflejan al menos alguna de las razones de g\u00e9nero que establece el C\u00f3digo Penal y tenemos 27 casos que podr\u00edan ser feminicidios\u201d.<\/p>\n\n\n\n<p>Esto ocurri\u00f3 del 1\u00ba de enero al 31 de marzo en la entidad.<\/p>\n\n\n\n<p>La feminista coment\u00f3 que Papantla encabeza la lista con tres casos de feminicidio. Le siguen Veracruz e Ixhuatl\u00e1n de Madero, con dos casos.<\/p>\n\n\n\n<p>\u201cY as\u00ed va decreciendo el n\u00famero de casos en cada uno de los municipios\u201d.<\/p>\n\n\n\n<p>Esta situaci\u00f3n coloca a Veracruz entre los primeros lugares a nivel nacional con m\u00e1s feminicidios.<\/p>\n\n\n\n<p>Adem\u00e1s, Casados Gonz\u00e1lez detall\u00f3 que se registraron 62 desapariciones de mujeres y ni\u00f1as en la entidad.<\/p>\n\n\n\n<p>La especialista a\u00f1adi\u00f3 que Tuxpan es el municipio que tiene m\u00e1s casos de atenci\u00f3n tipo, con ocho registrados.<\/p>\n\n\n\n<p>Le sigue Acayucan con siete casos y los municipios de Poza Rica y Mart\u00ednez de la Torre con cinco casos.<\/p>\n","protected":false},"excerpt":{"rendered":"<p>Juan Arcos Xalapa, Ver.- En el primer trimestre de este a\u00f1o se contabilizaron 45 homicidios de mujeres en Veracruz, de los cuales 27 cumplen con alguna caracter\u00edstica de feminicidio. As\u00ed lo revel\u00f3 la coordinadora del Observatorio Universitario de Violencia contra las Mujeres, Estela Casados Gonz\u00e1lez, quien a\u00f1adi\u00f3 que las cifras fueron tomadas de medios de [&hellip;]<\/p>\n","protected":false},"author":1,"featured_media":2016,"comment_status":"open","ping_status":"open","sticky":false,"template":"","format":"standard","meta":{"_jetpack_memberships_contains_paid_content":false,"footnotes":""},"categories":[2],"tags":[],"class_list":["post-2015","post","type-post","status-publish","format-standard","has-post-thumbnail","hentry","category-estado"],"jetpack_featured_media_url":"https:\/\/encuentroinformativo.com.mx\/wp-content\/uploads\/2020\/04\/4BAF6699-721E-4193-8BAB-1E6D4173DBFA.jpeg","jetpack_sharing_enabled":true,"jetpack_likes_enabled":true,"amp_enabled":true,"_links":{"self":[{"href":"https:\/\/encuentroinformativo.com.mx\/index.php?rest_route=\/wp\/v2\/posts\/2015","targetHints":{"allow":["GET"]}}],"collection":[{"href":"https:\/\/encuentroinformativo.com.mx\/index.php?rest_route=\/wp\/v2\/posts"}],"about":[{"href":"https:\/\/encuentroinformativo.com.mx\/index.php?rest_route=\/wp\/v2\/types\/post"}],"author":[{"embeddable":true,"href":"https:\/\/encuentroinformativo.com.mx\/index.php?rest_route=\/wp\/v2\/users\/1"}],"replies":[{"embeddable":true,"href":"https:\/\/encuentroinformativo.com.mx\/index.php?rest_route=%2Fwp%2Fv2%2Fcomments&post=2015"}],"version-history":[{"count":1,"href":"https:\/\/encuentroinformativo.com.mx\/index.php?rest_route=\/wp\/v2\/posts\/2015\/revisions"}],"predecessor-version":[{"id":2017,"href":"https:\/\/encuentroinformativo.com.mx\/index.php?rest_route=\/wp\/v2\/posts\/2015\/revisions\/2017"}],"wp:featuredmedia":[{"embeddable":true,"href":"https:\/\/encuentroinformativo.com.mx\/index.php?rest_route=\/wp\/v2\/media\/2016"}],"wp:attachment":[{"href":"https:\/\/encuentroinformativo.com.mx\/index.php?rest_route=%2Fwp%2Fv2%2Fmedia&parent=2015"}],"wp:term":[{"taxonomy":"category","embeddable":true,"href":"https:\/\/encuentroinformativo.com.mx\/index.php?rest_route=%2Fwp%2Fv2%2Fcategories&post=2015"},{"taxonomy":"post_tag","embeddable":true,"href":"https:\/\/encuentroinformativo.com.mx\/index.php?rest_route=%2Fwp%2Fv2%2Ftags&post=2015"}],"curies":[{"name":"wp","href":"https:\/\/api.w.org\/{rel}","templated":true}]}}