{"id":20159,"date":"2021-11-08T17:14:31","date_gmt":"2021-11-08T23:14:31","guid":{"rendered":"https:\/\/encuentroinformativo.com.mx\/?p=20159"},"modified":"2021-11-08T17:14:35","modified_gmt":"2021-11-08T23:14:35","slug":"abren-comerciantes-el-parque-juarez","status":"publish","type":"post","link":"https:\/\/encuentroinformativo.com.mx\/?p=20159","title":{"rendered":"Abren comerciantes el parque Ju\u00e1rez"},"content":{"rendered":"\n<p>Xalapa, Ver.- Comerciantes del parque Ju\u00e1rez reabrieron el espacio al p\u00fablico, tras retirar las vallas que manten\u00edan restringidos los accesos al mismo.<\/p>\n\n\n\n<p>Algunos vendedores acusaron que al no obtener una respuesta de las autoridades municipales fueron ellos quienes determinaron reabrir el parque debido a que era uno de los pocos espacios p\u00fablicos cerrados. <br><\/p>\n\n\n\n<figure class=\"wp-block-image size-large\"><img loading=\"lazy\" decoding=\"async\" width=\"1024\" height=\"682\" src=\"https:\/\/encuentroinformativo.com.mx\/wp-content\/uploads\/2021\/11\/C8D0F6BB-DA1E-431B-8F06-256404645B0C-1024x682.jpeg\" alt=\"\" class=\"wp-image-20161\" srcset=\"https:\/\/encuentroinformativo.com.mx\/wp-content\/uploads\/2021\/11\/C8D0F6BB-DA1E-431B-8F06-256404645B0C-1024x682.jpeg 1024w, https:\/\/encuentroinformativo.com.mx\/wp-content\/uploads\/2021\/11\/C8D0F6BB-DA1E-431B-8F06-256404645B0C-300x200.jpeg 300w, https:\/\/encuentroinformativo.com.mx\/wp-content\/uploads\/2021\/11\/C8D0F6BB-DA1E-431B-8F06-256404645B0C-768x512.jpeg 768w, https:\/\/encuentroinformativo.com.mx\/wp-content\/uploads\/2021\/11\/C8D0F6BB-DA1E-431B-8F06-256404645B0C.jpeg 1280w\" sizes=\"auto, (max-width: 1024px) 100vw, 1024px\" \/><\/figure>\n\n\n\n<figure class=\"wp-block-image size-large\"><img loading=\"lazy\" decoding=\"async\" width=\"1024\" height=\"590\" src=\"https:\/\/encuentroinformativo.com.mx\/wp-content\/uploads\/2021\/11\/3C9D6462-E365-49BB-B778-E468A1111C6D-1024x590.jpeg\" alt=\"\" class=\"wp-image-20162\" srcset=\"https:\/\/encuentroinformativo.com.mx\/wp-content\/uploads\/2021\/11\/3C9D6462-E365-49BB-B778-E468A1111C6D-1024x590.jpeg 1024w, https:\/\/encuentroinformativo.com.mx\/wp-content\/uploads\/2021\/11\/3C9D6462-E365-49BB-B778-E468A1111C6D-300x173.jpeg 300w, https:\/\/encuentroinformativo.com.mx\/wp-content\/uploads\/2021\/11\/3C9D6462-E365-49BB-B778-E468A1111C6D-768x442.jpeg 768w, https:\/\/encuentroinformativo.com.mx\/wp-content\/uploads\/2021\/11\/3C9D6462-E365-49BB-B778-E468A1111C6D.jpeg 1215w\" sizes=\"auto, (max-width: 1024px) 100vw, 1024px\" \/><\/figure>\n","protected":false},"excerpt":{"rendered":"<p>Xalapa, Ver.- Comerciantes del parque Ju\u00e1rez reabrieron el espacio al p\u00fablico, tras retirar las vallas que manten\u00edan restringidos los accesos al mismo. Algunos vendedores acusaron que al no obtener una respuesta de las autoridades municipales fueron ellos quienes determinaron reabrir el parque debido a que era uno de los pocos espacios p\u00fablicos cerrados.<\/p>\n","protected":false},"author":1,"featured_media":20160,"comment_status":"open","ping_status":"open","sticky":false,"template":"","format":"standard","meta":{"_jetpack_memberships_contains_paid_content":false,"footnotes":""},"categories":[3],"tags":[],"class_list":["post-20159","post","type-post","status-publish","format-standard","has-post-thumbnail","hentry","category-xalapa"],"jetpack_featured_media_url":"https:\/\/encuentroinformativo.com.mx\/wp-content\/uploads\/2021\/11\/FFABE1EF-00BA-4DF6-9D06-87F47A32B445.jpeg","jetpack_sharing_enabled":true,"jetpack_likes_enabled":true,"amp_enabled":true,"_links":{"self":[{"href":"https:\/\/encuentroinformativo.com.mx\/index.php?rest_route=\/wp\/v2\/posts\/20159","targetHints":{"allow":["GET"]}}],"collection":[{"href":"https:\/\/encuentroinformativo.com.mx\/index.php?rest_route=\/wp\/v2\/posts"}],"about":[{"href":"https:\/\/encuentroinformativo.com.mx\/index.php?rest_route=\/wp\/v2\/types\/post"}],"author":[{"embeddable":true,"href":"https:\/\/encuentroinformativo.com.mx\/index.php?rest_route=\/wp\/v2\/users\/1"}],"replies":[{"embeddable":true,"href":"https:\/\/encuentroinformativo.com.mx\/index.php?rest_route=%2Fwp%2Fv2%2Fcomments&post=20159"}],"version-history":[{"count":1,"href":"https:\/\/encuentroinformativo.com.mx\/index.php?rest_route=\/wp\/v2\/posts\/20159\/revisions"}],"predecessor-version":[{"id":20163,"href":"https:\/\/encuentroinformativo.com.mx\/index.php?rest_route=\/wp\/v2\/posts\/20159\/revisions\/20163"}],"wp:featuredmedia":[{"embeddable":true,"href":"https:\/\/encuentroinformativo.com.mx\/index.php?rest_route=\/wp\/v2\/media\/20160"}],"wp:attachment":[{"href":"https:\/\/encuentroinformativo.com.mx\/index.php?rest_route=%2Fwp%2Fv2%2Fmedia&parent=20159"}],"wp:term":[{"taxonomy":"category","embeddable":true,"href":"https:\/\/encuentroinformativo.com.mx\/index.php?rest_route=%2Fwp%2Fv2%2Fcategories&post=20159"},{"taxonomy":"post_tag","embeddable":true,"href":"https:\/\/encuentroinformativo.com.mx\/index.php?rest_route=%2Fwp%2Fv2%2Ftags&post=20159"}],"curies":[{"name":"wp","href":"https:\/\/api.w.org\/{rel}","templated":true}]}}