{"id":20164,"date":"2021-11-09T09:45:12","date_gmt":"2021-11-09T15:45:12","guid":{"rendered":"https:\/\/encuentroinformativo.com.mx\/?p=20164"},"modified":"2021-11-09T09:45:16","modified_gmt":"2021-11-09T15:45:16","slug":"desaparece-el-prd-del-congreso-y-en-veracruz","status":"publish","type":"post","link":"https:\/\/encuentroinformativo.com.mx\/?p=20164","title":{"rendered":"DESAPARECE EL PRD DEL CONGRESO\u2026 Y EN VERACRUZ"},"content":{"rendered":"\n<p><strong>ColumnaSinNombre<br>@pablojair<\/strong><\/p>\n\n\n\n<ul class=\"wp-block-list\"><li>Atora Cuitl\u00e1huac a diputado local oaxaque\u00f1o.<\/li><li>Desde Veracruz ya se comienza a meter Morena a Oaxaca.<\/li><li>A Santiago Nieto le pas\u00f3 lo que a Lozoya.<\/li><\/ul>\n\n\n\n<p>Estar\u00eda chida una &#8220;ma\u00f1anera&#8221; en Nueva York,<br>en Times Square, a las 4 de la ma\u00f1ana<br>&#8211;Chopenjawer<\/p>\n\n\n\n<p>Ya desde hace rato el PRD est\u00e1 pr\u00e1cticamente extinto en Veracruz.<\/p>\n\n\n\n<p>Luego de que renunciaran a ese partido figuras emblem\u00e1ticas y fundadores, l\u00edderes locales de ese partido terminaron por sucumbir a las mieles del poder y su tumba pol\u00edtica fue el haberse aliado al PAN en las elecciones de gobernador de 2016, apoyando al entonces candidato Miguel \u00c1ngel Yunes Linares.<\/p>\n\n\n\n<p>Pero no es que Yunes Linares haya tenido toda la culpa: simplemente fue el \u00faltimo clavo del ata\u00fad.<\/p>\n\n\n\n<p>Ya desde hace varios a\u00f1os se ve\u00edan a los perredistas &#8220;sobreviviendo&#8221; pol\u00edticamente con una franquicia local del PRD cuyo negocio &#8211;como el de todos los partidos&#8211; es vender candidaturas al mejor postor, utilizando la poca buena imagen que tuvo el PRD gracias a l\u00edderes nacionales como Cuauht\u00e9moc C\u00e1rdenas y Andr\u00e9s Manuel L\u00f3pez Obrador.<\/p>\n\n\n\n<p>Hasta hace no muchos a\u00f1os, en municipios y comunidades rurales segu\u00edan enga\u00f1ando a la gente diciendo que el PRD todav\u00eda era el partido del hijo del &#8220;Tata&#8221; L\u00e1zaro y del hijo pr\u00f3digo de Macuspana. Es decir, el PRD, sin brillo local, todav\u00eda enarbolaba figuras de izquierda hist\u00f3ricas que ya ni siquiera estaban en ese partido.<\/p>\n\n\n\n<p>Lo m\u00e1s c\u00ednico del asunto es que dec\u00edan estar en contra del PRI, cuando fue el partido con el que tuvieron acercamientos para negociar y con el que varios l\u00edderes sobrevivieron econ\u00f3micamente.<\/p>\n\n\n\n<p>Fueron &#8211;a la vista&#8211; pocos los grupos locales que lograron fortalecerse gracias a que durante a\u00f1os (desde los tiempos del priato) dejaban quererse con ca\u00f1onazos de dinero para ceder en protestas, candidaturas, conflictos, etc. Era p\u00fablico y conocido, por ejemplo, que el hoy entambado Rogelio &#8220;N&#8221; (l\u00edder moral de lo que queda del perredismo) hizo mucho dinero en tiempos de Javier Duarte.<\/p>\n\n\n\n<p>Y aunque lo hizo rico, finalmente Rogelio &#8220;N&#8221; nom\u00e1s le sac\u00f3 dinero al gordo, pero ya tra\u00eda en mente el plan de aliarse al Partido Acci\u00f3n Nacional en esa alianza donde termin\u00f3 de cavar su propia tumba.<\/p>\n\n\n\n<p>Hace algunos meses escrib\u00ed en este mismo espacio que el PRD ya iba en una decadencia al entrar Morena con fuerza en el estado, pues la militancia y simpat\u00eda ciudadana que alguna vez tuvo el PRD como partido de izquierda, sencillamente pas\u00f3 al partido lopezobradorista o a partidos aliados como el PT, que hace unos a\u00f1os ni siquiera figuraba en el mapa pol\u00edtico de Veracruz.<\/p>\n\n\n\n<p>Pero adem\u00e1s, los &#8220;morenos&#8221; sab\u00edan perfectamente toda la cloaca al interior del PRD; conoc\u00edan la entra\u00f1a y los puntos d\u00e9biles del perredismo.<\/p>\n\n\n\n<p>Al ganar Yunes Linares la gubernatura de Veracruz por el periodo de dos a\u00f1os (2016-2018), los perredistas que quedaban sencillamente fueron desplazados y cayeron en la cuenta de que sus liderazgos sociales eran simples espejitos que le vendieron al entonces gobernador, quien en realidad conoc\u00eda que gente como Uriel Flores, Arturo H\u00e9rviz, entre otros, no ten\u00edan realmente ya el peso que llegaron a tener a finales del siglo pasado.<\/p>\n\n\n\n<p>Por lo anterior, los perredistas que lograron colarse al gobierno de Yunes fueron relegados a cargos de poca importancia, sin poder, adem\u00e1s de que ya no podr\u00edan mostrar &#8220;m\u00fasculo&#8221; porque nunca lo tuvieron o lo fueron perdiendo al deslegitimarse como l\u00edderes.<\/p>\n\n\n\n<p>Cuando el PRI perdi\u00f3 esas hist\u00f3ricas elecciones de 2016, hab\u00eda un chiste entre algunos pri\u00edstas que dec\u00eda que los perredistas iban a extra\u00f1ar a Duarte porque Yunes es muy taca\u00f1o y no iba a soltarles el dinero al que estaban acostumbrados.<\/p>\n\n\n\n<p>Lo m\u00e1s tenebroso del asunto es que el PRD tambi\u00e9n se fue mezclando con la delincuencia organizada, como ocurri\u00f3 en el caso de Coatzacoalcos y otros puntos del estado.<\/p>\n\n\n\n<p>Ya descompuesto, un PRD corrupto es el que finalmente llev\u00f3 a Yunes a la gubernatura, pero salvo el odio que hab\u00eda contra Duarte, el partido del sol azteca en realidad no aportaba mucho a la operaci\u00f3n pol\u00edtica ni a la votaci\u00f3n. Por ejemplo, en lugares como el sur de Veracruz (donde el PAN tiene poca presencia) se supone que el perredismo era el principal operador, pero sencillamente nadie los pelaba y esos votos se convirtieron en bastiones muy fuertes de Morena, donde nunca tuvo oportunidad Miguel \u00c1ngel Yunes M\u00e1rquez (aka &#8220;Miguel Chiquito&#8221;) para ganarle a Cuitl\u00e1huac Garc\u00eda Jim\u00e9nez en las votaciones a la gubernatura de 2018.<\/p>\n\n\n\n<p>Una vez consolidada la dolorosa derrota del PAN y PRD en 2018, el PRD todav\u00eda mantuvo algunos bastiones como Zongolica y los Tuxtlas (este \u00faltimo, todav\u00eda muy fuerte por la influencia del exl\u00edder estatal Arturo Herviz), pero ya comenzaban a cuestionarse si en realidad val\u00eda la pena sostener la alianza con el PAN y los Yunes.<\/p>\n\n\n\n<p>Fue precisamente el entonces alcalde del PRD en Zongolica, Juan Carlos Mezhua, quien fue de los primeros en decir abiertamente que no era necesaria una alianza con el blanquiazul y el exgobernador. No obstante, su reinado termin\u00f3 porque tuvo la osad\u00eda de querer colocar a su hijo como alcalde y decirle al electorado que en realidad quien iba a seguir mandando en el municipio era \u00e9l. De esta manera, el PRD perdi\u00f3 el basti\u00f3n en Zongolica en las pasadas elecciones municipales de 2021.<\/p>\n\n\n\n<p>Ya desde la pasada legislatura hab\u00edan se\u00f1ales de que el PRD se estaba hundiendo, pues legisladores de ese partido decidieron volcarse a favor de Morena.<\/p>\n\n\n\n<p>Este lunes la historia volvi\u00f3 a repetirse: las \u00fanicas dos legisladoras que ten\u00eda el PRD en el Congreso del Estado, en la nueva Legislatura, se pasaron a Morena: se tratan de las diputadas locales Perla Eufemia Romero Rodr\u00edguez y Lidia Irma Mezhua Campos, quienes este 8 de noviembre se sumaron al Movimiento de Regeneraci\u00f3n Nacional.<\/p>\n\n\n\n<p>Perla Eufemia, de Papantla, es educadora y pertenece a la familia Romero que por a\u00f1os tambi\u00e9n ha administrado el PRD en esa regi\u00f3n. Por su parte, Lidia Irma Mezhua Campos (hermana de Juan Carlos) es originaria de Zongolica, donde fue alcaldesa en 2010 siendo la primera mujer en ocupar ese cargo en la comunidad.<\/p>\n\n\n\n<p>Cabe recordar que en las elecciones de junio, el PRD obtuvo apenas el 3.77 por ciento de votos de la ciudadan\u00eda, alcanzando el m\u00ednimo requerido por la ley electoral y estando cerca de perder su registro en el estado de Veracruz.<\/p>\n\n\n\n<p>Con sus n\u00fameros, con sus malas decisiones, con sus l\u00edderes deslegitimados (algunos hoy pidiendo chance de entrar a Morena), el PRD en realidad no trae ya mucho para jugar. Se ve muy dif\u00edcil tambi\u00e9n que aporte realmente algo en 2024 en la mentada alianza PRIANRD, que &#8211;como van las cosas&#8211; solamente terminar\u00e1 llam\u00e1ndose PRIAN.<\/p>\n\n\n\n<p><strong>NOTA PARA PEGAR EN EL REFRI: <\/strong>El pasado viernes, en su conferencia desde Palacio de Gobierno, el gobernador Cuitl\u00e1huac Garc\u00eda Jim\u00e9nez fue contundente cuando confirm\u00f3 la detenci\u00f3n de tres personas, entre ellas el diputado local pri\u00edsta de Oaxaca, Gustavo \u201cN\u201d, alias \u201cEl Gato\u201d, a quien no le sirvi\u00f3 para nada su fuero constitucional. El gober sencillamente subray\u00f3 que aqu\u00ed no aplicaba\u2026 Ahora se sabe que \u201cEl Gato\u201d fue detenido por presunta portaci\u00f3n de armas de fuego de uso exclusivo del Ej\u00e9rcito, posesi\u00f3n de estupefacientes y ultrajes a la autoridad, por lo que fue trasladado a la sala de juicios orales del penal en Pacho Viejo, Coatepec, donde legalizaron su detenci\u00f3n con prisi\u00f3n preventiva oficiosa y se prev\u00e9 su vinculaci\u00f3n a proceso el pr\u00f3ximo 12 de noviembre\u2026 Ya se hab\u00eda comentado desde este espacio (y tambi\u00e9n en varias notas period\u00edsticas en el pasado) que Gustavo \u201cN\u201d es se\u00f1alado de formar parte de la delincuencia organizada y ser de esos malandros que opera en Veracruz, pero escapa hacia Oaxaca. Sobre \u00e9l pesan lindezas como huachicoleo y tr\u00e1fico de todo, hasta de ser presunto autor intelectual de asesinatos.<\/p>\n\n\n\n<p><strong>OTRA NOTA: <\/strong>Con la detenci\u00f3n de \u201cEl Gato\u201d se puede decir que Veracruz da el primer paso para la conquista de Oaxaca a trav\u00e9s de Morena, partido que adem\u00e1s tiene todas las posibilidades para ganar dicha gubernatura en 2022\u2026 Una zona conflictiva por a\u00f1os siempre ha sido la zona lim\u00edtrofe entre ambos estados, especialmente la ubicada entre Tezonapa y Cosolapa (ciudades que est\u00e1n divididas por una calle), donde se han tejido historias de pistolerismo y delincuencia organizada, pero que en ambos estados siempre fue tolerado y permitido por los gobiernos emanados del PRI de ambas entidades\u2026 Hay historias verdaderamente espeluznantes que hablan de que a ese lugar s\u00f3lo se pod\u00eda ir de d\u00eda y nada de quedarse a dormir o viajar de noche, por su peligrosidad\u2026 La detenci\u00f3n del diputado local es la primera muestra de que esa permisividad ya no existe y que ya no hay protecci\u00f3n pol\u00edtica a esas estructuras criminales todav\u00eda intactas\u2026 Esto apenas, parece, es un primer paso, pero ya deber\u00eda ir marcando la pauta de un futuro cercano\u2026 A ver si lo logran sostener y combatir lo que por a\u00f1os se dej\u00f3 que creciera: una mafia oaxaque\u00f1a-veracruzana.<\/p>\n\n\n\n<p><strong>LA \u00daLTIMA PORQUE ESTOY CANCELANDO INVITACIONES A BODAS; NO VAYA SIENDO: <\/strong>Algunos dir\u00edan que fue como karma, pero as\u00ed como al exdirector de Pemex, Emilio Lozoya, le cost\u00f3 car\u00edsimo el pato laqueado que se comi\u00f3 en un lujoso restaurante de la CDMX y le quitaron la libertad de la que gozaba como testigo protegido, anoche corri\u00f3 como reguero de p\u00f3lvora la renuncia de Santiago Nieto Castillo como titular de la poderosa Unidad de Inteligencia Financiera luego del esc\u00e1ndalo por su boda en Guatemala\u2026 Uno entender\u00eda que en el caso de Lozoya era determinante ya meterlo al bote, m\u00e1xime cuando no ha aportado ninguna prueba de corrupci\u00f3n contundente contra sus se\u00f1alados (entre los que figura el expresidente Pe\u00f1a Nieto), pero en el caso de Santiago Nieto seguramente fue muy dif\u00edcil sacarlo de la jugada, pues no hab\u00eda hecho un mal papel como uno de los funcionarios m\u00e1s fuertes de la 4T\u2026 Es incre\u00edble, pero de repente hay personas inteligentes que de repente toman malas decisiones y eso quiz\u00e1s le pas\u00f3 a Santiago Nieto, donde un evento para la felicidad de su vida se convirti\u00f3 en la tumba de su carrera, al menos en tiempos de la Cuarta Transformeishion.<\/p>\n","protected":false},"excerpt":{"rendered":"<p>ColumnaSinNombre@pablojair Atora Cuitl\u00e1huac a diputado local oaxaque\u00f1o. Desde Veracruz ya se comienza a meter Morena a Oaxaca. A Santiago Nieto le pas\u00f3 lo que a Lozoya. Estar\u00eda chida una &#8220;ma\u00f1anera&#8221; en Nueva York,en Times Square, a las 4 de la ma\u00f1ana&#8211;Chopenjawer Ya desde hace rato el PRD est\u00e1 pr\u00e1cticamente extinto en Veracruz. Luego de que [&hellip;]<\/p>\n","protected":false},"author":1,"featured_media":488,"comment_status":"open","ping_status":"open","sticky":false,"template":"","format":"standard","meta":{"_jetpack_memberships_contains_paid_content":false,"footnotes":""},"categories":[11],"tags":[],"class_list":["post-20164","post","type-post","status-publish","format-standard","has-post-thumbnail","hentry","category-opinion"],"jetpack_featured_media_url":"https:\/\/encuentroinformativo.com.mx\/wp-content\/uploads\/2020\/03\/F471F608-BA1A-416B-BA7B-BCFB24F4E6D0.jpeg","jetpack_sharing_enabled":true,"jetpack_likes_enabled":true,"amp_enabled":true,"_links":{"self":[{"href":"https:\/\/encuentroinformativo.com.mx\/index.php?rest_route=\/wp\/v2\/posts\/20164","targetHints":{"allow":["GET"]}}],"collection":[{"href":"https:\/\/encuentroinformativo.com.mx\/index.php?rest_route=\/wp\/v2\/posts"}],"about":[{"href":"https:\/\/encuentroinformativo.com.mx\/index.php?rest_route=\/wp\/v2\/types\/post"}],"author":[{"embeddable":true,"href":"https:\/\/encuentroinformativo.com.mx\/index.php?rest_route=\/wp\/v2\/users\/1"}],"replies":[{"embeddable":true,"href":"https:\/\/encuentroinformativo.com.mx\/index.php?rest_route=%2Fwp%2Fv2%2Fcomments&post=20164"}],"version-history":[{"count":1,"href":"https:\/\/encuentroinformativo.com.mx\/index.php?rest_route=\/wp\/v2\/posts\/20164\/revisions"}],"predecessor-version":[{"id":20165,"href":"https:\/\/encuentroinformativo.com.mx\/index.php?rest_route=\/wp\/v2\/posts\/20164\/revisions\/20165"}],"wp:featuredmedia":[{"embeddable":true,"href":"https:\/\/encuentroinformativo.com.mx\/index.php?rest_route=\/wp\/v2\/media\/488"}],"wp:attachment":[{"href":"https:\/\/encuentroinformativo.com.mx\/index.php?rest_route=%2Fwp%2Fv2%2Fmedia&parent=20164"}],"wp:term":[{"taxonomy":"category","embeddable":true,"href":"https:\/\/encuentroinformativo.com.mx\/index.php?rest_route=%2Fwp%2Fv2%2Fcategories&post=20164"},{"taxonomy":"post_tag","embeddable":true,"href":"https:\/\/encuentroinformativo.com.mx\/index.php?rest_route=%2Fwp%2Fv2%2Ftags&post=20164"}],"curies":[{"name":"wp","href":"https:\/\/api.w.org\/{rel}","templated":true}]}}