{"id":20166,"date":"2021-11-09T10:45:19","date_gmt":"2021-11-09T16:45:19","guid":{"rendered":"https:\/\/encuentroinformativo.com.mx\/?p=20166"},"modified":"2021-11-09T10:45:22","modified_gmt":"2021-11-09T16:45:22","slug":"sin-lugar-a-bancada-plural","status":"publish","type":"post","link":"https:\/\/encuentroinformativo.com.mx\/?p=20166","title":{"rendered":"Sin lugar a bancada plural"},"content":{"rendered":"\n<p><strong>Los Pol\u00edticos<\/strong><\/p>\n\n\n\n<p><strong>Salvador Mu\u00f1oz<\/strong><\/p>\n\n\n\n<p>\u00bfQu\u00e9 tienen en com\u00fan el ex diputado Alexis S\u00e1nchez y la idea&nbsp; no tan descabellada de Brenda Caballero de que se conforme una Bancada Plural (as\u00ed, igualita a la del Senado) con las mujeres del Verde, Movimiento Ciudadano, PRD y en una de \u00e9sas, hasta los del PT? Ah\u00ed les va:<\/p>\n\n\n\n<p>Entre abril y mayo de 2020, despu\u00e9s del chaquetazo de Alexis S\u00e1nchez cuando dio su voto a la Reforma Electoral propuesta por Morena, y su salida del partido naranja, se empez\u00f3 a gestar la idea de crear una bancada plural, similar a la que hay en el Senado y que N\u00fameros Rojos de Brenda Caballero sugiere en su columna de ayer para el Palacio de Encanto.<\/p>\n\n\n\n<p>Esta Bancada tendr\u00eda tres integrantes: Ivonne Trujillo Ortiz, Judith Andrade Pineda y Mar\u00eda Candela Francisco Doce.<\/p>\n\n\n\n<p>El nombre de esta bancada ser\u00eda Mujeres Veracruzanas y buscar\u00eda de cierto modo, ser la voz de aqu\u00e9llas que la paridad no pudo dar.<\/p>\n\n\n\n<p>Sin embargo, al final, s\u00f3lo qued\u00f3 en una buena intenci\u00f3n.<\/p>\n\n\n\n<p>La buena intenci\u00f3n de Brenda Caballero de ver una bancada plural conformada en su mayor\u00eda por mujeres y dos varones se estrella brutalmente con algunos muros lo que hace que al final, quede en eso: s\u00f3lo buena intenci\u00f3n.<\/p>\n\n\n\n<p>El primer muro de impacto es el mismo Movimiento Ciudadano por una cuesti\u00f3n de principios. En este reciente proceso electoral, el partido naranja se midi\u00f3 al t\u00fa por t\u00fa contra Morena, Verde y PT as\u00ed como PRI, PRD y PAN, por lo que ser\u00eda ir contra su propia naturaleza pol\u00edtica hacer una alianza con quienes se enfrent\u00f3.<\/p>\n\n\n\n<p>Otro muro: el del PT\u2026 si bien Morena desbarat\u00f3 la bancada del Trabajo, qu\u00e9 obligar\u00eda a Ram\u00f3n D\u00edaz Avila y Jos\u00e9 Luis Tehuintle Xocua ir contra la aplanadora que significa esta nueva mayor\u00eda en la LXVI Legislatura\u2026 en el mismo tenor se ha de tener a las dos del PVEM, Tania Cruz Mej\u00eda y Citlali Medell\u00edn Careaga\u2026 s\u00ed, bien se puede decir que estamos haciendo un prejuicio, pero se habr\u00e1 de ver si el que escribe se equivoca cuando se d\u00e9 la primera votaci\u00f3n de relevancia y el sentido que determinen en su voto estos cuatro legisladores que si los sumamos a los 29 que tiene Morena, suman 33\u2026 agregue tambi\u00e9n a Fuerza por M\u00e9xico, Juan Enrique Santos Mendoza, y ya son 34&#8230;&nbsp;<\/p>\n\n\n\n<p>Ya as\u00ed las cosas, s\u00f3lo quedan Lidia Mezhua Campos y Perla Romero Rodr\u00edguez. Ac\u00e1, cabe una reflexi\u00f3n: \u00bfQu\u00e9 duele m\u00e1s? \u00bfla camisa o el cuero? Hay que recordar que Juan Carlos Mezhua Campos, a\u00fan alcalde de Zongolica, tiene un pie fuera del PRD y hasta las intenciones de conformar un partido\u2026 al cierre de esta columna las dos perredistas se unieron a la bancada de Morena.<\/p>\n\n\n\n<p>As\u00ed pues, los buenos deseos de Brenda Caballero de una bancada plural como la que se conform\u00f3 en el Senado, est\u00e1n lejos de que se cristalicen en Veracruz pero da lugar a estas reflexiones sobre el futuro desempe\u00f1o de nuestros legisladores ante una aplastante mayor\u00eda Morena donde ya no ser\u00e1n necesarios los diputados independientes o que finjan ser oposici\u00f3n\u2026<\/p>\n\n\n\n<p>Al parecer pues, el PRI y Movimiento Ciudadano han de tener en sus legisladores una oposici\u00f3n moral\u2026 en el caso del PAN, es posible que igual, si antes de ser aplastados por Morena no se aplastan ellos mismos.<\/p>\n\n\n\n<p>PD Durante la instalaci\u00f3n de la LXVI Legislatura en el Congreso de Veracruz, entre los asistentes, en la \u201cbutacada\u201d, estaba Alexis S\u00e1nchez, el legislador que lleg\u00f3 por Movimiento Ciudadano y acab\u00f3 bronceado. A ver si de Diputado Independiente no pasa a ser Empleado de Morena.<\/p>\n\n\n\n<p><a href=\"mailto:smcainito@gmail.com\" target=\"_blank\" rel=\"noreferrer noopener\">smcainito@gmail.com<\/a><\/p>\n","protected":false},"excerpt":{"rendered":"<p>Los Pol\u00edticos Salvador Mu\u00f1oz \u00bfQu\u00e9 tienen en com\u00fan el ex diputado Alexis S\u00e1nchez y la idea&nbsp; no tan descabellada de Brenda Caballero de que se conforme una Bancada Plural (as\u00ed, igualita a la del Senado) con las mujeres del Verde, Movimiento Ciudadano, PRD y en una de \u00e9sas, hasta los del PT? Ah\u00ed les va: [&hellip;]<\/p>\n","protected":false},"author":1,"featured_media":387,"comment_status":"open","ping_status":"open","sticky":false,"template":"","format":"standard","meta":{"_jetpack_memberships_contains_paid_content":false,"footnotes":""},"categories":[11],"tags":[],"class_list":["post-20166","post","type-post","status-publish","format-standard","has-post-thumbnail","hentry","category-opinion"],"jetpack_featured_media_url":"https:\/\/encuentroinformativo.com.mx\/wp-content\/uploads\/2020\/03\/7CF8A22B-2764-47BE-8F7F-38FE9E5D6A2F.jpeg","jetpack_sharing_enabled":true,"jetpack_likes_enabled":true,"amp_enabled":true,"_links":{"self":[{"href":"https:\/\/encuentroinformativo.com.mx\/index.php?rest_route=\/wp\/v2\/posts\/20166","targetHints":{"allow":["GET"]}}],"collection":[{"href":"https:\/\/encuentroinformativo.com.mx\/index.php?rest_route=\/wp\/v2\/posts"}],"about":[{"href":"https:\/\/encuentroinformativo.com.mx\/index.php?rest_route=\/wp\/v2\/types\/post"}],"author":[{"embeddable":true,"href":"https:\/\/encuentroinformativo.com.mx\/index.php?rest_route=\/wp\/v2\/users\/1"}],"replies":[{"embeddable":true,"href":"https:\/\/encuentroinformativo.com.mx\/index.php?rest_route=%2Fwp%2Fv2%2Fcomments&post=20166"}],"version-history":[{"count":1,"href":"https:\/\/encuentroinformativo.com.mx\/index.php?rest_route=\/wp\/v2\/posts\/20166\/revisions"}],"predecessor-version":[{"id":20167,"href":"https:\/\/encuentroinformativo.com.mx\/index.php?rest_route=\/wp\/v2\/posts\/20166\/revisions\/20167"}],"wp:featuredmedia":[{"embeddable":true,"href":"https:\/\/encuentroinformativo.com.mx\/index.php?rest_route=\/wp\/v2\/media\/387"}],"wp:attachment":[{"href":"https:\/\/encuentroinformativo.com.mx\/index.php?rest_route=%2Fwp%2Fv2%2Fmedia&parent=20166"}],"wp:term":[{"taxonomy":"category","embeddable":true,"href":"https:\/\/encuentroinformativo.com.mx\/index.php?rest_route=%2Fwp%2Fv2%2Fcategories&post=20166"},{"taxonomy":"post_tag","embeddable":true,"href":"https:\/\/encuentroinformativo.com.mx\/index.php?rest_route=%2Fwp%2Fv2%2Ftags&post=20166"}],"curies":[{"name":"wp","href":"https:\/\/api.w.org\/{rel}","templated":true}]}}