{"id":20178,"date":"2021-11-09T12:57:01","date_gmt":"2021-11-09T18:57:01","guid":{"rendered":"https:\/\/encuentroinformativo.com.mx\/?p=20178"},"modified":"2021-11-09T12:57:04","modified_gmt":"2021-11-09T18:57:04","slug":"por-crisis-de-pandemia-cierran-librerias-en-xalapa","status":"publish","type":"post","link":"https:\/\/encuentroinformativo.com.mx\/?p=20178","title":{"rendered":"Por crisis de pandemia, cierran librer\u00edas en Xalapa"},"content":{"rendered":"\n<p><strong>Juan Arcos<\/strong><\/p>\n\n\n\n<p>Xalapa, Ver.- Tres librer\u00edas de Xalapa cerraron sus puertas de manera definitiva por la crisis econ\u00f3mica derivada de la pandemia del SARS-COV-2 (COVID-19).<\/p>\n\n\n\n<p>As\u00ed lo revel\u00f3 Eduardo Ju\u00e1rez, organizador de la Feria Xalape\u00f1a del Libro \u201cFlorecelee\u201d, que se lleva a cabo en el parque Benito Ju\u00e1rez, del 5 al 15 de noviembre.<\/p>\n\n\n\n<p>El entrevistado detall\u00f3 que durante el a\u00f1o pasado cayeron en su totalidad las ventas, debido a la emergencia sanitaria por el coronavirus, situaci\u00f3n que oblig\u00f3 a algunos comerciantes a abandonar el negocio.<\/p>\n\n\n\n<p>\u201cYa hab\u00edan ca\u00eddo nuestras ventas durante todo el a\u00f1o pasado y hemos estado muy afligidos por las bajas ventas por la pandemia. Cerraron dos o tres librer\u00edas por la pandemia\u201d.<\/p>\n\n\n\n<p>El librero mencion\u00f3 que uno de estos establecimientos cerr\u00f3 en la zona del Paseo de los Lagos, as\u00ed como otro puesto que se encontraba al interior del Pasaje Enr\u00edquez, en el Centro Hist\u00f3rico de la capital del estado.<\/p>\n\n\n\n<p>\u201cUno de ellos dej\u00f3 de asistir en el pasaje Enr\u00edquez y ya tuvo que cambiar su lugar a otro compa\u00f1ero. Son los que recuerdo por el momento\u201d.<\/p>\n\n\n\n<p>Eduardo Ju\u00e1rez se\u00f1al\u00f3 que gracias a esta edici\u00f3n de la feria del libro han repuntado las ventas hasta 50 por ciento, en comparaci\u00f3n con meses anteriores.<\/p>\n\n\n\n<p>\u201cEl repunte ha sido no muy alto, porque hay muy poca cultura a la lectura, no hay mucha costumbre de la gente a leer, pero s\u00ed va repuntando\u201d.<\/p>\n\n\n\n<p>Cabe mencionar que en la feria, que se realiza en la explanada del parque Ju\u00e1rez, tambi\u00e9n se tienen programadas actividades culturales y art\u00edsticas. Adem\u00e1s, habr\u00e1 descuentos por el Buen Fin, programado del 10 al 16 de noviembre.<\/p>\n","protected":false},"excerpt":{"rendered":"<p>Juan Arcos Xalapa, Ver.- Tres librer\u00edas de Xalapa cerraron sus puertas de manera definitiva por la crisis econ\u00f3mica derivada de la pandemia del SARS-COV-2 (COVID-19). As\u00ed lo revel\u00f3 Eduardo Ju\u00e1rez, organizador de la Feria Xalape\u00f1a del Libro \u201cFlorecelee\u201d, que se lleva a cabo en el parque Benito Ju\u00e1rez, del 5 al 15 de noviembre. El [&hellip;]<\/p>\n","protected":false},"author":1,"featured_media":20179,"comment_status":"open","ping_status":"open","sticky":false,"template":"","format":"standard","meta":{"_jetpack_memberships_contains_paid_content":false,"footnotes":""},"categories":[3],"tags":[],"class_list":["post-20178","post","type-post","status-publish","format-standard","has-post-thumbnail","hentry","category-xalapa"],"jetpack_featured_media_url":"https:\/\/encuentroinformativo.com.mx\/wp-content\/uploads\/2021\/11\/9F1753E2-0C12-43A7-9AE2-7F19F26AFA7F.jpeg","jetpack_sharing_enabled":true,"jetpack_likes_enabled":true,"amp_enabled":true,"_links":{"self":[{"href":"https:\/\/encuentroinformativo.com.mx\/index.php?rest_route=\/wp\/v2\/posts\/20178","targetHints":{"allow":["GET"]}}],"collection":[{"href":"https:\/\/encuentroinformativo.com.mx\/index.php?rest_route=\/wp\/v2\/posts"}],"about":[{"href":"https:\/\/encuentroinformativo.com.mx\/index.php?rest_route=\/wp\/v2\/types\/post"}],"author":[{"embeddable":true,"href":"https:\/\/encuentroinformativo.com.mx\/index.php?rest_route=\/wp\/v2\/users\/1"}],"replies":[{"embeddable":true,"href":"https:\/\/encuentroinformativo.com.mx\/index.php?rest_route=%2Fwp%2Fv2%2Fcomments&post=20178"}],"version-history":[{"count":1,"href":"https:\/\/encuentroinformativo.com.mx\/index.php?rest_route=\/wp\/v2\/posts\/20178\/revisions"}],"predecessor-version":[{"id":20180,"href":"https:\/\/encuentroinformativo.com.mx\/index.php?rest_route=\/wp\/v2\/posts\/20178\/revisions\/20180"}],"wp:featuredmedia":[{"embeddable":true,"href":"https:\/\/encuentroinformativo.com.mx\/index.php?rest_route=\/wp\/v2\/media\/20179"}],"wp:attachment":[{"href":"https:\/\/encuentroinformativo.com.mx\/index.php?rest_route=%2Fwp%2Fv2%2Fmedia&parent=20178"}],"wp:term":[{"taxonomy":"category","embeddable":true,"href":"https:\/\/encuentroinformativo.com.mx\/index.php?rest_route=%2Fwp%2Fv2%2Fcategories&post=20178"},{"taxonomy":"post_tag","embeddable":true,"href":"https:\/\/encuentroinformativo.com.mx\/index.php?rest_route=%2Fwp%2Fv2%2Ftags&post=20178"}],"curies":[{"name":"wp","href":"https:\/\/api.w.org\/{rel}","templated":true}]}}