{"id":20192,"date":"2021-11-09T13:55:48","date_gmt":"2021-11-09T19:55:48","guid":{"rendered":"https:\/\/encuentroinformativo.com.mx\/?p=20192"},"modified":"2021-11-09T13:55:51","modified_gmt":"2021-11-09T19:55:51","slug":"hoteleros-esperan-repunte-de-ocupacion-en-zona-conurbada","status":"publish","type":"post","link":"https:\/\/encuentroinformativo.com.mx\/?p=20192","title":{"rendered":"Hoteleros esperan repunte de ocupaci\u00f3n en zona conurbada"},"content":{"rendered":"\n<p><strong>Alejandro \u00c1vila<\/strong><\/p>\n\n\n\n<p>Veracruz, Ver.- Seg\u00fan los datos que les proporcionaron los prestadores de servicios tur\u00edsticos, para la segunda semana de noviembre, justo dentro de \u201cEl Buen Fin\u201d, se espera una ocupaci\u00f3n hotelera superior al 70 por ciento, inform\u00f3 el director de Turismo, Jos\u00e9 Antonio Salvatori Arjona.<\/p>\n\n\n\n<p>Dentro de este fin de semana destaca la presencia de la Expo Feria Canaco \u201cEl Buen Fin\u201d, misma que se colocar\u00e1 en el z\u00f3calo de la ciudad y ser\u00e1 inaugurada este mi\u00e9rcoles por el alcalde, Fernando Yunes M\u00e1rquez, donde locales y turistas conocer\u00e1n diversos descuentos y promociones en todo tipo de art\u00edculos y negocios.<\/p>\n\n\n\n<p>\u201cEllos esperan de viernes y de s\u00e1bado, una afluencia a lo mejor de un 75 por ciento, de 70 a 75 por ciento en ocupaci\u00f3n hotelera, que significa eso, eso significa que habr\u00e1 gente en la zona conurbada y que estos generar\u00e1n una derrama econ\u00f3mica importante a un sector que ha sido vulnerable como ha sido el comerciante y el restaurantero\u201d, subray\u00f3.<\/p>\n\n\n\n<p>Adem\u00e1s de la Expo Feria Canaco, Salvatori Arjona dijo que invita a los ciudadanos a acudir a Independencia Peatonal, los talleres y presentaciones art\u00edsticas en el z\u00f3calo de la ciudad, los callejones y plazuelas; as\u00ed como la exposici\u00f3n fotogr\u00e1fica en el z\u00f3calo de \u201cLas Altas Monta\u00f1as\u201d, adem\u00e1s de la exposici\u00f3n en el Museo de la Ciudad, \u201cEl arte del puro\u201d, tra\u00edda desde de San Andr\u00e9s Tuxtla.<\/p>\n\n\n\n<p>Finalmente dijo que ya preparan un programa m\u00e1s robusto para el mes de diciembre, aunque por el momento puede confirmar el Festival del Vino que organiza CANIRAC en la avenida Mart\u00ed, y el Marat\u00f3n de Veracruz.<\/p>\n","protected":false},"excerpt":{"rendered":"<p>Alejandro \u00c1vila Veracruz, Ver.- Seg\u00fan los datos que les proporcionaron los prestadores de servicios tur\u00edsticos, para la segunda semana de noviembre, justo dentro de \u201cEl Buen Fin\u201d, se espera una ocupaci\u00f3n hotelera superior al 70 por ciento, inform\u00f3 el director de Turismo, Jos\u00e9 Antonio Salvatori Arjona. Dentro de este fin de semana destaca la presencia [&hellip;]<\/p>\n","protected":false},"author":1,"featured_media":20193,"comment_status":"open","ping_status":"open","sticky":false,"template":"","format":"standard","meta":{"_jetpack_memberships_contains_paid_content":false,"footnotes":""},"categories":[2],"tags":[],"class_list":["post-20192","post","type-post","status-publish","format-standard","has-post-thumbnail","hentry","category-estado"],"jetpack_featured_media_url":"https:\/\/encuentroinformativo.com.mx\/wp-content\/uploads\/2021\/11\/5BBDEFB0-2EB3-4367-B292-10B13BF27B44.jpeg","jetpack_sharing_enabled":true,"jetpack_likes_enabled":true,"amp_enabled":true,"_links":{"self":[{"href":"https:\/\/encuentroinformativo.com.mx\/index.php?rest_route=\/wp\/v2\/posts\/20192","targetHints":{"allow":["GET"]}}],"collection":[{"href":"https:\/\/encuentroinformativo.com.mx\/index.php?rest_route=\/wp\/v2\/posts"}],"about":[{"href":"https:\/\/encuentroinformativo.com.mx\/index.php?rest_route=\/wp\/v2\/types\/post"}],"author":[{"embeddable":true,"href":"https:\/\/encuentroinformativo.com.mx\/index.php?rest_route=\/wp\/v2\/users\/1"}],"replies":[{"embeddable":true,"href":"https:\/\/encuentroinformativo.com.mx\/index.php?rest_route=%2Fwp%2Fv2%2Fcomments&post=20192"}],"version-history":[{"count":1,"href":"https:\/\/encuentroinformativo.com.mx\/index.php?rest_route=\/wp\/v2\/posts\/20192\/revisions"}],"predecessor-version":[{"id":20194,"href":"https:\/\/encuentroinformativo.com.mx\/index.php?rest_route=\/wp\/v2\/posts\/20192\/revisions\/20194"}],"wp:featuredmedia":[{"embeddable":true,"href":"https:\/\/encuentroinformativo.com.mx\/index.php?rest_route=\/wp\/v2\/media\/20193"}],"wp:attachment":[{"href":"https:\/\/encuentroinformativo.com.mx\/index.php?rest_route=%2Fwp%2Fv2%2Fmedia&parent=20192"}],"wp:term":[{"taxonomy":"category","embeddable":true,"href":"https:\/\/encuentroinformativo.com.mx\/index.php?rest_route=%2Fwp%2Fv2%2Fcategories&post=20192"},{"taxonomy":"post_tag","embeddable":true,"href":"https:\/\/encuentroinformativo.com.mx\/index.php?rest_route=%2Fwp%2Fv2%2Ftags&post=20192"}],"curies":[{"name":"wp","href":"https:\/\/api.w.org\/{rel}","templated":true}]}}