{"id":20204,"date":"2021-11-09T15:34:53","date_gmt":"2021-11-09T21:34:53","guid":{"rendered":"https:\/\/encuentroinformativo.com.mx\/?p=20204"},"modified":"2021-11-09T15:34:58","modified_gmt":"2021-11-09T21:34:58","slug":"pesca-se-mantiene-a-la-baja-en-veracruz","status":"publish","type":"post","link":"https:\/\/encuentroinformativo.com.mx\/?p=20204","title":{"rendered":"Pesca se mantiene a la baja en Veracruz"},"content":{"rendered":"\n<p><strong>Alejandro \u00c1vila<\/strong><\/p>\n\n\n\n<p>Veracruz, Ver.- Los fuertes inviernos y la contaminaci\u00f3n del mar desde hace tres a\u00f1os, gener\u00f3 que las especies se alejaran del litoral veracruzano, dejando graves problemas para los pescadores de Veracruz, se\u00f1al\u00f3 Bernardo Hern\u00e1ndez Guzm\u00e1n, presidente de Pescadores de Veracruz puerto.<\/p>\n\n\n\n<p>El trabajador del mar, aclar\u00f3 que las especies no han desaparecido, simplemente, muchas de ellas y se han alejado de Veracruz y por ende ya no se captura lo que hace 10 a\u00f1os, dejando un deficit de colecta de especies marinas.<\/p>\n\n\n\n<p>&#8220;La producci\u00f3n no se ha recuperado desde hace aproximadamente tres a\u00f1os, seguimos con un 60 por ciento a la baja de la producci\u00f3n que normalmente ten\u00edamos, eso es algo que tenemos que aprender a vivir con ello, ya no va a haber producto como en otros a\u00f1os y pues bueno, hay que buscar alternativas&#8221;, apunt\u00f3.<\/p>\n\n\n\n<p>Una de las alternativas que buscar llevar a cabo es la repoblaci\u00f3n de peces en r\u00edos, lagunas y mares, para lo cual pidieron ayuda a APIVER en una reuni\u00f3n sostenida hace unos d\u00edas, donde adem\u00e1s, solicitaron el saneamiento de la bah\u00eda.<\/p>\n\n\n\n<p>En la reuni\u00f3n, tambi\u00e9n se lleg\u00f3 al acuerdo para la creaci\u00f3n de una marina para los pescadores de la zona norte, pues carec\u00edan de un espacio donde llegar y atracar sus lanchas.<\/p>\n\n\n\n<p>&#8220;Ahorita el n\u00famero var\u00edas porque ya se han separado las cooperativas que estaban ah\u00ed, y ya ellos manejan sus n\u00fameros, entonces ese dato lo tienen ellos, y la API, y la CONAPESCA, que es la que nos va a regular a nosotros&#8221;, remat\u00f3.<\/p>\n","protected":false},"excerpt":{"rendered":"<p>Alejandro \u00c1vila Veracruz, Ver.- Los fuertes inviernos y la contaminaci\u00f3n del mar desde hace tres a\u00f1os, gener\u00f3 que las especies se alejaran del litoral veracruzano, dejando graves problemas para los pescadores de Veracruz, se\u00f1al\u00f3 Bernardo Hern\u00e1ndez Guzm\u00e1n, presidente de Pescadores de Veracruz puerto. El trabajador del mar, aclar\u00f3 que las especies no han desaparecido, simplemente, [&hellip;]<\/p>\n","protected":false},"author":1,"featured_media":20205,"comment_status":"open","ping_status":"open","sticky":false,"template":"","format":"standard","meta":{"_jetpack_memberships_contains_paid_content":false,"footnotes":""},"categories":[2],"tags":[],"class_list":["post-20204","post","type-post","status-publish","format-standard","has-post-thumbnail","hentry","category-estado"],"jetpack_featured_media_url":"https:\/\/encuentroinformativo.com.mx\/wp-content\/uploads\/2021\/11\/FAE207FF-7ECE-4FD4-981F-E3FDE25FB242.jpeg","jetpack_sharing_enabled":true,"jetpack_likes_enabled":true,"amp_enabled":true,"_links":{"self":[{"href":"https:\/\/encuentroinformativo.com.mx\/index.php?rest_route=\/wp\/v2\/posts\/20204","targetHints":{"allow":["GET"]}}],"collection":[{"href":"https:\/\/encuentroinformativo.com.mx\/index.php?rest_route=\/wp\/v2\/posts"}],"about":[{"href":"https:\/\/encuentroinformativo.com.mx\/index.php?rest_route=\/wp\/v2\/types\/post"}],"author":[{"embeddable":true,"href":"https:\/\/encuentroinformativo.com.mx\/index.php?rest_route=\/wp\/v2\/users\/1"}],"replies":[{"embeddable":true,"href":"https:\/\/encuentroinformativo.com.mx\/index.php?rest_route=%2Fwp%2Fv2%2Fcomments&post=20204"}],"version-history":[{"count":1,"href":"https:\/\/encuentroinformativo.com.mx\/index.php?rest_route=\/wp\/v2\/posts\/20204\/revisions"}],"predecessor-version":[{"id":20206,"href":"https:\/\/encuentroinformativo.com.mx\/index.php?rest_route=\/wp\/v2\/posts\/20204\/revisions\/20206"}],"wp:featuredmedia":[{"embeddable":true,"href":"https:\/\/encuentroinformativo.com.mx\/index.php?rest_route=\/wp\/v2\/media\/20205"}],"wp:attachment":[{"href":"https:\/\/encuentroinformativo.com.mx\/index.php?rest_route=%2Fwp%2Fv2%2Fmedia&parent=20204"}],"wp:term":[{"taxonomy":"category","embeddable":true,"href":"https:\/\/encuentroinformativo.com.mx\/index.php?rest_route=%2Fwp%2Fv2%2Fcategories&post=20204"},{"taxonomy":"post_tag","embeddable":true,"href":"https:\/\/encuentroinformativo.com.mx\/index.php?rest_route=%2Fwp%2Fv2%2Ftags&post=20204"}],"curies":[{"name":"wp","href":"https:\/\/api.w.org\/{rel}","templated":true}]}}